{"id":3265,"date":"2013-11-26T21:47:26","date_gmt":"2013-11-26T19:47:26","guid":{"rendered":"http:\/\/www.luxorbis.org\/friedensplattform.at\/?p=3265"},"modified":"2013-11-26T21:47:26","modified_gmt":"2013-11-26T19:47:26","slug":"oesterreichische-befindlichkeiten","status":"publish","type":"post","link":"https:\/\/www.friedensplattform.at\/?p=3265","title":{"rendered":"&#214;sterreichische Befindlichkeiten"},"content":{"rendered":"<h2>Kleiner Staat im gro\u00dfen Drohnengesch\u00e4ft (von Helga Suleiman)<\/h2>\n<div style=\"font-size: 1.3em; color: #454545; font-weight: bold; line-height: 1.5em; margin-top: 15px;\">\n<p>Immer mehr Menschen werden Opfer von immer mehr Drohneneins\u00e4tzen.  Mittlerweile ist die Geheimwaffe nicht mehr geheim und die angeblich  zielgenauen T\u00f6tungen von vermeintlichen Terroristen haben sich als  zielgenaue L\u00fcge f\u00fcr das Publikum in den Herstellerl\u00e4ndern dieser  Massenmordwaffen entlarvt.<!--more--> Beachtenswert, dass nicht nur  Drohnenentwicklung und -produktion, sondern auch ein erster Einsatz in  \u00d6sterreichs Geschichte zu finden sind.<\/div>\n<p><img decoding=\"async\" src=\"http:\/\/www.migazin.de\/wp-content\/themes\/migpix\/thumb.php?src=http:\/\/www.migazin.de\/wp-content\/uploads\/2012\/07\/oesterreich_karte_fahne.png&amp;h=288&amp;w=627&amp;zc=1&amp;q=80\" alt=\" Kleiner Staat im gro\u00dfen Drohnengesch\u00e4ft\" \/><\/p>\n<p class=\"wp-captionleadarticel-text\">\u00d6sterreich @ MiG<\/p>\n<div id=\"singlecontentinfo\">\n<div class=\"author_info\">\n<p style=\"font-style: italic; line-height: 16px;\"><span style=\"font-size: 0.8em; font-weight: bold; color: #333; font-style: normal; padding-right: 5px;\">VON<\/span>Helga Suleiman<\/p>\n<div style=\"margin-top: 7px; line-height: 16px; width: 160px;\">Die  Autorin schreibt aus dem Nachbarland f\u00fcr das MiGAZIN. Sie publizierte  \u00fcber Integrationspolitiken, u.a. Musliminnen in der Arbeitswelt. \u00dcber  den Aufbau einer Migrantinnen-Selbstorganisation war sie in der  Jugendarbeit, in der antirassistischen Beratung und internationalen  Lernwerkst\u00e4tten t\u00e4tig. Sie arbeitet als Bildungsberaterin und ist in der  Friedensbewegung aktiv. Geschichtestudium.<\/div>\n<\/div>\n<p style=\"line-height: 16px; margin-bottom: 7px;\"><span style=\"font-size: 0.8em; font-weight: bold; color: #333; padding-right: 5px;\">DATUM<\/span>26. November 2013<\/p>\n<p style=\"line-height: 16px; margin-bottom: 20px;\"><span style=\"font-size: 0.8em; font-weight: bold; color: #333; padding-right: 5px;\">KOMMENTARE<\/span><a href=\"http:\/\/www.migazin.de\/2013\/11\/26\/kleiner-staat-im-grossen-drohnengeschaeft\/#comments\">1<\/a><\/p>\n<p style=\"line-height: 16px; margin-bottom: 7px;\"><span style=\"font-size: 0.8em; font-weight: bold; color: #333; padding-right: 5px;\">RESSORT<\/span><a title=\"Alle Beitr\u00e4ge in Aktuell ansehen\" rel=\"category tag\" href=\"http:\/\/www.migazin.de\/category\/aktuell\/\">Aktuell<\/a><\/p>\n<p style=\"line-height: 16px; margin-bottom: 20px;\"><span style=\"margin-left: -1px; font-size: 0.8em; font-weight: bold; color: #333; font-style: normal; padding-right: 2px;\">SCHLAGW\u00d6RTER<\/span> <a rel=\"tag\" href=\"http:\/\/www.migazin.de\/tag\/drohnen\/\">Drohnen<\/a>, <a rel=\"tag\" href=\"http:\/\/www.migazin.de\/tag\/israel\/\">Israel<\/a>, <a rel=\"tag\" href=\"http:\/\/www.migazin.de\/tag\/kolumne\/\">Kolumne<\/a>, <a rel=\"tag\" href=\"http:\/\/www.migazin.de\/tag\/krieg\/\">Krieg<\/a>, <a rel=\"tag\" href=\"http:\/\/www.migazin.de\/tag\/meinung\/\">Meinung<\/a>, <a rel=\"tag\" href=\"http:\/\/www.migazin.de\/tag\/osterreichische-befindlichkeiten\/\">\u00d6sterreichische Befindlichkeiten<\/a>, <a rel=\"tag\" href=\"http:\/\/www.migazin.de\/tag\/usa\/\">USA<\/a><\/p>\n<p style=\"line-height: 16px; margin-bottom: 7px;\"><span style=\"margin-left: -1px; font-size: 0.8em; font-weight: bold; color: #333; font-style: normal; padding-right: 1px; text-transform: uppercase;\">Seite<\/span> 1 <a href=\"http:\/\/www.migazin.de\/2013\/11\/26\/kleiner-staat-im-grossen-drohnengeschaeft\/2\/\"> 2<\/a><\/p>\n<p style=\"line-height: 16px; margin-bottom: 7px;\"><span style=\"font-size: 0.8em; font-weight: bold; color: #333; padding-right: 5px;\">DRUCKEN<\/span><a title=\"Ansicht\" rel=\"nofollow\" href=\"http:\/\/www.migazin.de\/2013\/11\/26\/kleiner-staat-im-grossen-drohnengeschaeft\/print\/\">Ansicht<\/a><\/p>\n<p style=\"line-height: 16px; margin-bottom: 20px; padding-bottom: 20px; border-bottom: solid #eaeaea 2px;\"><span style=\"font-size: 0.8em; font-weight: bold; color: #333; font-style: normal; padding-right: 5px;\">TEILEN<\/span><a class=\"a2a_dd a2a_target addtoany_share_save\" href=\"http:\/\/www.addtoany.com\/share_save#url=http%3A%2F%2Fwww.migazin.de%2F2013%2F11%2F26%2Fkleiner-staat-im-grossen-drohnengeschaeft%2F&amp;title=Kleiner%20Staat%20im%20gro%C3%9Fen%20Drohnengesch%C3%A4ft&amp;description=Pr%C3%A4sident%20Obama%20ist%20seines%20Feigenblatts%20Friedensnobelpreis%20verlustig%20gegangen.\">Bookmark &amp; Co.<\/a><\/p>\n<p><span style=\"font-size: 1.1em; letter-spacing: 1px; font-weight: bold; color: #333;\">MEHR ZUM ARTIKEL<\/span><\/p>\n<ul class=\"singlelistedrelated\">\n<div class=\"yarpp-related\">\n<li> <a rel=\"bookmark\" href=\"http:\/\/www.migazin.de\/2013\/04\/12\/wenn-der-staat-mit-bildung-droht\/\"> <span style=\"font-weight: bold; color: #555; font: Arial, Verdana, Sans-Serif; font-size: 11px; text-transform: uppercase; letter-spacing: 0em; list-style-position: 30px;\"> Arm durch Arbeit <\/span> Wenn der Staat mit Bildung droht<\/a><\/li>\n<li> <a rel=\"bookmark\" href=\"http:\/\/www.migazin.de\/2012\/10\/25\/der-staat-nimmt-eine-klassifizierung-vor\/\"> <span style=\"font-weight: bold; color: #555; font: Arial, Verdana, Sans-Serif; font-size: 11px; text-transform: uppercase; letter-spacing: 0em; list-style-position: 30px;\"> Racial Profiling 2\/3 <\/span> Der Staat nimmt eine Klassifizierung vor<\/a><\/li>\n<li> <a rel=\"bookmark\" href=\"http:\/\/www.migazin.de\/2012\/09\/20\/der-tiefe-staat\/\"> <span style=\"font-weight: bold; color: #555; font: Arial, Verdana, Sans-Serif; font-size: 11px; text-transform: uppercase; letter-spacing: 0em; list-style-position: 30px;\"> NSU <\/span> Der tiefe Staat<\/a><\/li>\n<p><img decoding=\"async\" src=\"http:\/\/yarpp.org\/pixels\/af74661498fcf7c1f57664a50ff453ca\" alt=\"Yarpp\" \/><\/div>\n<\/ul>\n<p><span style=\"font-size: 1.1em; letter-spacing: 1px; font-weight: bold; color: #333; padding-bottom: 5px;\">DANKE,<\/span><br \/>\n<span style=\"color: #666;\">ich m\u00f6chte MiGAZIN auch in Zukunft lesen:<\/span> <\/p>\n<form action=\"https:\/\/www.paypal.com\/cgi-bin\/webscr\" method=\"post\"> <input alt=\"Jetzt einfach, schnell und sicher online bezahlen \u2013 mit PayPal.\" name=\"submit\" src=\"https:\/\/www.paypal.com\/de_DE\/DE\/i\/btn\/btn_donate_SM.gif\" type=\"image\" \/> <img loading=\"lazy\" decoding=\"async\" src=\"https:\/\/www.paypal.com\/de_DE\/i\/scr\/pixel.gif\" border=\"0\" alt=\"\" width=\"1\" height=\"1\" \/> <\/form>\n<\/div>\n<div class=\"singlecontenttxt\">\n<div id=\"post-66869\" class=\"post\">\n<div class=\"entry\">\n<p>Pr\u00e4sident Obama ist seines Feigenblatts Friedensnobelpreis verlustig  gegangen. Die Schalmeient\u00f6ne zu Amtsbeginn haben sich als Fanfaren des  Schlachtfelds herausgestellt. Auf Obamas Forderung zu einem Stopp der  israelischen Siedlungspolitik antwortete Israels Netanjahu mit  Drohnenangriffen auf Gaza: 72 Bomben, die 36 Tote und 100 Verletzte  forderten, wurden von 14. bis 21.11.2012 auf das Gebiet mit einer  Bev\u00f6lkerungsdichte von 3.881 EinwohnerInnen pro km2 abgeworfen.<\/p>\n<p>Was war die Ank\u00fcndigung Obamas? Ein Code f\u00fcr den Einsatzbefehl der israelischen Luftwaffe?<\/p>\n<p>Die Angriffe zeigen die Fratze eines Krieges, der seine Spur durch  Afghanistan, Pakistan, Jemen, Somalia und Gaza zieht. Es ist keine  Neuigkeit, dass die Gener\u00e4le aller Kriege die Zivilbev\u00f6lkerung  selbstverst\u00e4ndlich auch als Angriffsziel in ihre Planungen integrieren.  Es geht darum, R\u00fcckhalt und Moral der Bev\u00f6lkerung zu brechen. Die  Niederlage des Gegners soll total sein, und das ist nur m\u00f6glich, wenn  der Aggressor so \u00fcberm\u00e4chtig wirkt, dass jeder Widerstand zwecklos  erscheint.<\/p>\n<p>Drohnen haben diesen Auftrag. In Afghanistan laufen Menschen, die  sich zu Hochzeiten und Festen versammeln, Gefahr, durch einen  Drohnenangriff die gesamte Familie zu verlieren. Mit dieser  Abschreckungsstrategie werden soziale Strukturen zerst\u00f6rt, die  Kommunikation der Menschen untereinander verhindert und sie in die  Isolation getrieben. Das Kalk\u00fcl dahinter: Wer alleine ist, ist  anf\u00e4lliger f\u00fcr \u00dcberlebensangst. Dass Kinder am meisten unter solchen  Lebensbedingungen leiden, muss nicht erst durch <a href=\"http:\/\/livingunderdrohnes.org\/report\/\" target=\"_blank\">Studien<\/a> belegt werden. Zwischen 168 und 197 Kinder sind nach Sch\u00e4tzungen bislang von Drohnenbomben in Pakistan get\u00f6tet worden.<\/p>\n<p>Auch die v\u00f6lkerrechtliche Illegalit\u00e4t der Drohneneins\u00e4tze steht au\u00dfer  Frage. Au\u00dferhalb eines bewaffneten Konflikts sind solche Angriffe  absolut illegitim. Die USA befinden sich weder mit Afghanistan, Somalia,  Jemen, Sudan oder Pakistan in einem Kriegszustand. Das sind die L\u00e4nder,  in denen die meisten Bomben abgeworfen werden. Zudem sitzen Mitglieder  von Geheimdienstorganisationen vor den PC-Tasten, die \u00fcber Leben und Tod  entscheiden. F\u00fcr sie gilt das menschenrechtliche T\u00f6tungsverbot.  Stattdessen rechnen solche Henker alle M\u00e4nner und Jugendlichen die sich  im Zielgebiet der Drohne aufhalten zu Kombattanten. Es ist unglaublich.  Wer stirbt, war ein Terrorist. Beweis: Dieser Mensch war im  T\u00f6tungsradius der Bombe.<\/p>\n<blockquote class=\"rightquote\" style=\"width: 120px;\"><p>Informationen dieses Artikels aus: Peter Strutynski (Hg): <em>T\u00f6- ten per Fernbedie- nung. Kampfdrohnen im weltweiten Schattenkrieg.<\/em> Promedia Verlag, 2013. Darin: Franz S\u00f6lkner: \u201eF\u00e4higkeits- l\u00fccken\u201c des Bundesheeres und die \u00f6sterreichische Drohnenwirtschaft.<\/p><\/blockquote>\n<p>Dass Drohnenangriffe Instrumente des Massenmords sind, zeigt die  unter Obama eingef\u00fchrte \u201edouple-tap\u201c Taktik: Dem ersten Bombenangriff  folgt nach 30 Minuten ein zweiter, der alle Helfer t\u00f6ten soll. Bei solch  einem Angriff auf eine \u00f6ffentliche Gerichtsversammlung starben am  20.3.2011 im Nordwesten Pakistans 45 Menschen. Der Protest der  pakistanischen Regierung wurde von den USA vollst\u00e4ndig ignoriert.<\/p>\n<p>Der Drohneneinsatz bietet f\u00fcr die US-amerikanische Regierung unter  Obama eine Reihe von Vorteilen. Der Einsatz von Soldaten kann reduziert  werden. Damit l\u00e4uft man nicht Gefahr, zu viele tote oder traumatisierte  und verletzte Soldaten der eigenen Bev\u00f6lkerung pr\u00e4sentieren zu m\u00fcssen.  Das kann Widerstand hervorrufen, wie die Erfahrungen aus Vietnam- und  Irakeins\u00e4tzen zeigen.<\/p>\n<p>Der internationalen \u00d6ffentlichkeit werden Truppenabz\u00fcge pr\u00e4sentiert,  um ein Bild der gelungenen Befriedung zu vermitteln. Statt Soldaten  werden Drohnen zur T\u00f6tungsmaschinerie.<\/p>\n<p>Auch die Beteiligung anderer Staaten an Drohneneins\u00e4tzen gestaltet  sich wesentlich einfacher, denn an \u201eForschungsarbeiten\u201c mitzuwirken,  riecht nicht sofort nach Blut. Auch karriereorientierte IT-Spezialisten  k\u00f6nnen sich, tausende Kilometer von den Opfern entfernt, wie in einem  Computerspiel f\u00fchlen, wenn sie Ausbildung und Arbeit absolvieren.<\/p>\n<p>Die deutsche Regierung strebt, wie viele andere Staaten auch, nach  dem Erwerb von Drohnen. Ein massiges Gesch\u00e4ft bahnt sich an. Wer  mitmischen will, hat nicht viele Fragen zu stellen. Dem beugt sich auch  die parlamentarische Opposition von SPD und Gr\u00fcnen, die nicht wissen  will, wof\u00fcr der deutsche Verteidigungsminister beabsichtigt 16  bewaffnete Drohnen zu kaufen. Dass die drei vorhandenen  Aufkl\u00e4rungsdrohnen in Deutschland aus der Produktion des israelischen  Apartheidregimes stammen, macht deutsche W\u00e4hlerInnen mitverantwortlich  f\u00fcr die Verbrechen gegen\u00fcber der pal\u00e4stinensischen Bev\u00f6lkerung.<\/p>\n<p>Wie so oft, leistet auch \u00d6sterreichs dazu seinen zynischen Beitrag.  Anfang April 2013 k\u00fcndigte Verteidigungsminister Klug den Ankauf von 18  Aufkl\u00e4rungs- und \u00dcberwachungsdrohnen an, mit geplanter Aufstockung um 50  St\u00fcck bis 2013. Sechzehn Millionen Euro werden daf\u00fcr ausgegeben.  Angekauft werden sollen die Drohnen aus Israel, Deutschland, USA und  \u00d6sterreich selbst. Nicht umsonst l\u00e4sst zum Beispiel die Fachhochschule  Joanneum Graz seit 2005 StudentInnen an der zivilen Forschungsdrohne  Airborne basteln. \u201eZivile\u201c Drohnen werden auch zur Grenz\u00fcberwachung  eingesetzt, um jenen Menschen, die genau aus solchen Regionen fl\u00fcchten,  in denen die bombenbest\u00fcckten Ger\u00e4te der selben Gattung ihr Leben  bedrohen, den Zugang zu Asyl zu verweigern.<\/p>\n<p>Auch an der Version Killerwaffen wird mitgearbeitet. In K\u00e4rnten gibt  es einen Cluster, der bereits mit gro\u00dfen R\u00fcstungsfirmen wie EADS (BRD)  und Thales (FR) gut vernetzt ist. Kein Wunder, geht es doch um die  Entwicklung von intelligenten Kameras, die Bilder selbstst\u00e4ndig  analysieren und Personen finden und sie verfolgen k\u00f6nnen. Etliche  \u00f6sterreichische Firmen bieten eigene Prototypen oder  Dienstleistungssoftware f\u00fcr im Ausland gekaufte Drohnen an. Ein  besonderes Beispiel ist die Firma Schiebel, Weltmarktf\u00fchrer bei  Minensuchger\u00e4ten mittels eines US-Armee Gro\u00dfauftrags in den 1990iger  Jahren. Zusammen mit der Technischen Universit\u00e4t Wien entwickelte die  Firma eine \u00dcberwachungsdrohne, mit der sie dick ins Gesch\u00e4ft einstieg.  60 dieser Camcorder-Drohnen wurden an die Vereinigten Arabischen Emirate  geliefert. Zwei Fabriken wurden daf\u00fcr neu gebaut, eine in Abu Dhabi und  eine in Wiener Neustadt. Eingesetzt wurde die Drohne von diversen  Armeen Europas an der somalischen K\u00fcste. Exportiert wurde sie weiterhin  nach S\u00fcdkorea und Ghaddafis Libyen, zu dessen F\u00f6rderung als Bollwerk  gegen unerw\u00fcnschte EinwanderInnen Richtung EU. Trotz  EU-Waffenlieferungsverbotes wurden Drohnen an China geliefert, von denen  eine sich auf einem chinesischen Kriegsschiff wiederfand. Der  fragw\u00fcrdige Tod eines Schiebel-Mitarbeiters in Peking wirft ein  skurriles Licht auf diese Firma.<\/p>\n<div style=\"font-weight: bold; font-size: 16px;\">Seite:   1 <a href=\"http:\/\/www.migazin.de\/2013\/11\/26\/kleiner-staat-im-grossen-drohnengeschaeft\/2\/\"> 2<\/a><\/div>\n<\/div>\n<\/div>\n<\/div>\n","protected":false},"excerpt":{"rendered":"<p>Kleiner Staat im gro\u00dfen Drohnengesch\u00e4ft (von Helga Suleiman) Immer mehr Menschen werden Opfer von immer mehr Drohneneins\u00e4tzen. Mittlerweile ist die Geheimwaffe nicht mehr geheim und die angeblich zielgenauen T\u00f6tungen von vermeintlichen Terroristen haben sich als zielgenaue L\u00fcge f\u00fcr das Publikum in den Herstellerl\u00e4ndern dieser Massenmordwaffen entlarvt.<\/p>\n","protected":false},"author":2,"featured_media":0,"comment_status":"open","ping_status":"open","sticky":false,"template":"","format":"standard","meta":{"footnotes":""},"categories":[1],"tags":[],"class_list":["post-3265","post","type-post","status-publish","format-standard","hentry","category-allgemein"],"_links":{"self":[{"href":"https:\/\/www.friedensplattform.at\/index.php?rest_route=\/wp\/v2\/posts\/3265","targetHints":{"allow":["GET"]}}],"collection":[{"href":"https:\/\/www.friedensplattform.at\/index.php?rest_route=\/wp\/v2\/posts"}],"about":[{"href":"https:\/\/www.friedensplattform.at\/index.php?rest_route=\/wp\/v2\/types\/post"}],"author":[{"embeddable":true,"href":"https:\/\/www.friedensplattform.at\/index.php?rest_route=\/wp\/v2\/users\/2"}],"replies":[{"embeddable":true,"href":"https:\/\/www.friedensplattform.at\/index.php?rest_route=%2Fwp%2Fv2%2Fcomments&post=3265"}],"version-history":[{"count":0,"href":"https:\/\/www.friedensplattform.at\/index.php?rest_route=\/wp\/v2\/posts\/3265\/revisions"}],"wp:attachment":[{"href":"https:\/\/www.friedensplattform.at\/index.php?rest_route=%2Fwp%2Fv2%2Fmedia&parent=3265"}],"wp:term":[{"taxonomy":"category","embeddable":true,"href":"https:\/\/www.friedensplattform.at\/index.php?rest_route=%2Fwp%2Fv2%2Fcategories&post=3265"},{"taxonomy":"post_tag","embeddable":true,"href":"https:\/\/www.friedensplattform.at\/index.php?rest_route=%2Fwp%2Fv2%2Ftags&post=3265"}],"curies":[{"name":"wp","href":"https:\/\/api.w.org\/{rel}","templated":true}]}}