{"id":327,"date":"2008-06-08T20:23:39","date_gmt":"2008-06-08T18:23:39","guid":{"rendered":"http:\/\/www.luxorbis.org\/friedensplattform.at\/?p=327"},"modified":"2008-06-08T20:23:39","modified_gmt":"2008-06-08T18:23:39","slug":"artikel-der-ag-friedensforschung-60-jahre-nato-sind-zuviel","status":"publish","type":"post","link":"https:\/\/www.friedensplattform.at\/?p=327","title":{"rendered":"Artikel der AG Friedensforschung: 60 Jahre NATO sind zuviel"},"content":{"rendered":"<p>NATO-Jubil\u00e4umsgipfel 2009 in Kehl (Deutschland) und Stra\u00dfburg (Frankreich):<br \/>\n60 Jahre NATO sind 60 Jahre zu viel<br \/>\nGemeinsame Erkl\u00e4rung zur Vorbereitung eines Gegengipfels der Friedensbewegung<\/p>\n<p><!--more--><\/p>\n<p>Mit einem &#8222;Doppelgipfel&#8220; in Kehl und Stra\u00dfburg will die NATO im Fr\u00fchjahr 2009 auf der<br \/>\ndeutschen und franz\u00f6sischen Seite des Rheins ihr 60. Jubil\u00e4um feiern. So lautet der Beschluss der 26 Staats- und Regierungschefs beim Gipfeltreffen Anfang April 2008 in Bukarest.<br \/>\nDie Friedensbewegung wird aus Anlass des Jubil\u00e4umsgipfels mit vielf\u00e4ltigen Aktionen der<br \/>\nInformation, mit Veranstaltungen und Demonstrationen, mit einem Gegengipfel f\u00fcr eine friedliche und gerechte Welt ohne NATO werben.<\/p>\n<p>Weiterlesen auf den Seiten der Uni Kassel:<\/p>\n<p><strong><font><font size=\"2\"><a href=\"http:\/\/www.uni-kassel.de\/fb5\/frieden\/themen\/NATO\/NATO-dt-franz.pdf\" target=\"_blank\"><strong><font size=\"3\">&#8222;60 Jahre NATO sind 60 Jahre zuviel&#8220; \/ &#8222;Les 60 ans de l&#8217;OTAN sont 60 ans  de trop&#8220;<\/font><\/strong><\/a><\/font><\/font><\/strong><\/p>\n","protected":false},"excerpt":{"rendered":"<p>NATO-Jubil\u00e4umsgipfel 2009 in Kehl (Deutschland) und Stra\u00dfburg (Frankreich): 60 Jahre NATO sind 60 Jahre zu viel Gemeinsame Erkl\u00e4rung zur Vorbereitung eines Gegengipfels der Friedensbewegung<\/p>\n","protected":false},"author":1,"featured_media":0,"comment_status":"open","ping_status":"open","sticky":false,"template":"","format":"standard","meta":{"footnotes":""},"categories":[1],"tags":[],"class_list":["post-327","post","type-post","status-publish","format-standard","hentry","category-allgemein"],"_links":{"self":[{"href":"https:\/\/www.friedensplattform.at\/index.php?rest_route=\/wp\/v2\/posts\/327","targetHints":{"allow":["GET"]}}],"collection":[{"href":"https:\/\/www.friedensplattform.at\/index.php?rest_route=\/wp\/v2\/posts"}],"about":[{"href":"https:\/\/www.friedensplattform.at\/index.php?rest_route=\/wp\/v2\/types\/post"}],"author":[{"embeddable":true,"href":"https:\/\/www.friedensplattform.at\/index.php?rest_route=\/wp\/v2\/users\/1"}],"replies":[{"embeddable":true,"href":"https:\/\/www.friedensplattform.at\/index.php?rest_route=%2Fwp%2Fv2%2Fcomments&post=327"}],"version-history":[{"count":0,"href":"https:\/\/www.friedensplattform.at\/index.php?rest_route=\/wp\/v2\/posts\/327\/revisions"}],"wp:attachment":[{"href":"https:\/\/www.friedensplattform.at\/index.php?rest_route=%2Fwp%2Fv2%2Fmedia&parent=327"}],"wp:term":[{"taxonomy":"category","embeddable":true,"href":"https:\/\/www.friedensplattform.at\/index.php?rest_route=%2Fwp%2Fv2%2Fcategories&post=327"},{"taxonomy":"post_tag","embeddable":true,"href":"https:\/\/www.friedensplattform.at\/index.php?rest_route=%2Fwp%2Fv2%2Ftags&post=327"}],"curies":[{"name":"wp","href":"https:\/\/api.w.org\/{rel}","templated":true}]}}