{"id":3270,"date":"2013-12-13T19:03:45","date_gmt":"2013-12-13T17:03:45","guid":{"rendered":"http:\/\/www.luxorbis.org\/friedensplattform.at\/?p=3270"},"modified":"2013-12-13T19:03:45","modified_gmt":"2013-12-13T17:03:45","slug":"protest-gegen-lehrerinnendienstrecht-in-graz","status":"publish","type":"post","link":"https:\/\/www.friedensplattform.at\/?p=3270","title":{"rendered":"PROTEST gegen LehrerInnendienstrecht in Graz"},"content":{"rendered":"<div id=\":182\" class=\"ii gt m142eaacd56506da9 adP adO\">\n<div id=\":17r\" style=\"overflow: hidden;\">\n<div lang=\"DE-AT\">\n<div>\n<p style=\"text-align: center;\" align=\"center\"><strong><span style=\"font-size: 14.0pt; color: red;\">* Kommt alle nach Graz zum Protestmarsch gegen das bildungsfeindliche Dienstrecht! *<\/span><\/strong><\/p>\n<p style=\"text-align: center;\" align=\"center\">\n<p style=\"text-align: center;\" align=\"center\"><strong><span style=\"font-size: 12.0pt; color: red;\">Mo., 16. Dez. 2013, 15 &#8211; 17 Uhr*<\/span><\/strong><\/p>\n<p style=\"text-align: center;\" align=\"center\"><strong><span style=\"font-size: 12.0pt; color: red;\"><!--more--><br \/>\n<\/span><\/strong><\/p>\n<p>14:45 Treffpunkt vor der Oper (Seite Opernring)<\/p>\n<p>15 Uhr Beginn der Auftaktkundgebung<\/p>\n<p>15:30 Beginn des Protestmarschs (Eisernes Tor, Herrengasse bis vor das Landhaus)<\/p>\n<p>16 &#8211; 17 Uhr Abschlusskundgebung vor dem Landhaus<\/p>\n<p>Von jeder Schule m\u00f6ge sich eine Person f\u00fcr eine dreimin\u00fctige Rede vorbereiten.<\/p>\n<p><span> <\/span><\/p>\n<p>Nachdem  die Gewerkschaftsleitung zu keinen koordinierten bundesweiten Protesten  gegen dieses inakzeptable bildungsfeindliche Dienstrecht aufruft, kommt  es sowohl in Wien als auch in Vorarlberg zu Protestaktionen. Setzen  auch wir in Graz ein Zeichen, dass wir dieses Dienstrecht so nicht  akzeptieren wollen.<\/p>\n<p>Der  gemeinsame inhaltliche Nenner ist die Ablehnung dieses Dienstrechts und  die Erarbeitung eines fairen neuen Dienstrechts auch unter Einbeziehung  der Betroffenen. Es muss zu einer Verbesserung der Bildungsqualit\u00e4t und  nicht einer Verschlechterung f\u00fchren!!<\/p>\n<p>Impressum: Initiative f\u00fcr eine qualit\u00e4tsvolle Bildung f\u00fcr ALLE<\/p><\/div>\n<\/div>\n<\/div>\n<\/div>\n<div class=\"hq gt xg0Kle\">\n<div id=\":rr\" class=\"aQH\"><span class=\"aZo\"><a id=\":1b5\" class=\"aQy aZr e\" tabindex=\"0\" href=\"https:\/\/mail.google.com\/mail\/u\/0\/?ui=2&amp;ik=05bf934847&amp;view=att&amp;th=142eaacd56506da9&amp;attid=0.1&amp;disp=safe&amp;zw\" target=\"_blank\"><\/p>\n<div class=\"aSH\">\n<div id=\":pd\" class=\"aYy\"><\/div>\n<\/div>\n<p><\/a><a id=\":1b5\" class=\"aQy aZr e\" tabindex=\"0\" href=\"https:\/\/mail.google.com\/mail\/u\/0\/?ui=2&amp;ik=05bf934847&amp;view=att&amp;th=142eaacd56506da9&amp;attid=0.1&amp;disp=safe&amp;zw\" target=\"_blank\"><\/a><\/p>\n<p><\/span><\/div>\n<\/div>\n","protected":false},"excerpt":{"rendered":"<p>* Kommt alle nach Graz zum Protestmarsch gegen das bildungsfeindliche Dienstrecht! * Mo., 16. Dez. 2013, 15 &#8211; 17 Uhr*<\/p>\n","protected":false},"author":3,"featured_media":0,"comment_status":"open","ping_status":"open","sticky":false,"template":"","format":"standard","meta":{"footnotes":""},"categories":[1,21],"tags":[],"class_list":["post-3270","post","type-post","status-publish","format-standard","hentry","category-allgemein","category-veranstaltungshinweise"],"_links":{"self":[{"href":"https:\/\/www.friedensplattform.at\/index.php?rest_route=\/wp\/v2\/posts\/3270","targetHints":{"allow":["GET"]}}],"collection":[{"href":"https:\/\/www.friedensplattform.at\/index.php?rest_route=\/wp\/v2\/posts"}],"about":[{"href":"https:\/\/www.friedensplattform.at\/index.php?rest_route=\/wp\/v2\/types\/post"}],"author":[{"embeddable":true,"href":"https:\/\/www.friedensplattform.at\/index.php?rest_route=\/wp\/v2\/users\/3"}],"replies":[{"embeddable":true,"href":"https:\/\/www.friedensplattform.at\/index.php?rest_route=%2Fwp%2Fv2%2Fcomments&post=3270"}],"version-history":[{"count":0,"href":"https:\/\/www.friedensplattform.at\/index.php?rest_route=\/wp\/v2\/posts\/3270\/revisions"}],"wp:attachment":[{"href":"https:\/\/www.friedensplattform.at\/index.php?rest_route=%2Fwp%2Fv2%2Fmedia&parent=3270"}],"wp:term":[{"taxonomy":"category","embeddable":true,"href":"https:\/\/www.friedensplattform.at\/index.php?rest_route=%2Fwp%2Fv2%2Fcategories&post=3270"},{"taxonomy":"post_tag","embeddable":true,"href":"https:\/\/www.friedensplattform.at\/index.php?rest_route=%2Fwp%2Fv2%2Ftags&post=3270"}],"curies":[{"name":"wp","href":"https:\/\/api.w.org\/{rel}","templated":true}]}}