{"id":328,"date":"2008-06-09T22:44:38","date_gmt":"2008-06-09T20:44:38","guid":{"rendered":"http:\/\/www.luxorbis.org\/friedensplattform.at\/?p=328"},"modified":"2008-06-09T22:44:38","modified_gmt":"2008-06-09T20:44:38","slug":"artikel-in-der-soz-60-jahre-israel-60-jahre-vertreibung","status":"publish","type":"post","link":"https:\/\/www.friedensplattform.at\/?p=328","title":{"rendered":"Artikel in der SoZ: 60 Jahre Israel, 60 Jahre Vertreibung"},"content":{"rendered":"<p><strong>Legenden \u00fcber Staatsbildung und Gegenwart<\/strong><\/p>\n<p><em>von MICHAEL WARSCHAWSKI<\/em><\/p>\n<p>Die Gr\u00fcndung des Staates Israel zu feiern ist in sich eine problematische Sache, denn wenn es dabei f\u00fcr viele um die Schaffung einer Zuflucht f\u00fcr die dem V\u00f6lkermord Hitlers Entronnen ging, ist es doch auch der Sieg eines kolonialen Projekts, der hier gefeiert wird.<\/p>\n<p><a href=\"http:\/\/www.vsp-vernetzt.de\/soz-0806\/0806121.php\" title=\"Sozialistische Zeitung\" target=\"_blank\">Weiterlesen in der SoZ<\/a><\/p>\n","protected":false},"excerpt":{"rendered":"<p>Legenden \u00fcber Staatsbildung und Gegenwart von MICHAEL WARSCHAWSKI Die Gr\u00fcndung des Staates Israel zu feiern ist in sich eine problematische Sache, denn wenn es dabei f\u00fcr viele um die Schaffung einer Zuflucht f\u00fcr die dem V\u00f6lkermord Hitlers Entronnen ging, ist es doch auch der Sieg eines kolonialen Projekts, der hier gefeiert wird. Weiterlesen in der &hellip; <a href=\"https:\/\/www.friedensplattform.at\/?p=328\" class=\"more-link\"><span class=\"screen-reader-text\">Artikel in der SoZ: 60 Jahre Israel, 60 Jahre Vertreibung<\/span> weiterlesen <span class=\"meta-nav\">&rarr;<\/span><\/a><\/p>\n","protected":false},"author":1,"featured_media":0,"comment_status":"open","ping_status":"open","sticky":false,"template":"","format":"standard","meta":{"footnotes":""},"categories":[5],"tags":[],"class_list":["post-328","post","type-post","status-publish","format-standard","hentry","category-arabischer-raum"],"_links":{"self":[{"href":"https:\/\/www.friedensplattform.at\/index.php?rest_route=\/wp\/v2\/posts\/328","targetHints":{"allow":["GET"]}}],"collection":[{"href":"https:\/\/www.friedensplattform.at\/index.php?rest_route=\/wp\/v2\/posts"}],"about":[{"href":"https:\/\/www.friedensplattform.at\/index.php?rest_route=\/wp\/v2\/types\/post"}],"author":[{"embeddable":true,"href":"https:\/\/www.friedensplattform.at\/index.php?rest_route=\/wp\/v2\/users\/1"}],"replies":[{"embeddable":true,"href":"https:\/\/www.friedensplattform.at\/index.php?rest_route=%2Fwp%2Fv2%2Fcomments&post=328"}],"version-history":[{"count":0,"href":"https:\/\/www.friedensplattform.at\/index.php?rest_route=\/wp\/v2\/posts\/328\/revisions"}],"wp:attachment":[{"href":"https:\/\/www.friedensplattform.at\/index.php?rest_route=%2Fwp%2Fv2%2Fmedia&parent=328"}],"wp:term":[{"taxonomy":"category","embeddable":true,"href":"https:\/\/www.friedensplattform.at\/index.php?rest_route=%2Fwp%2Fv2%2Fcategories&post=328"},{"taxonomy":"post_tag","embeddable":true,"href":"https:\/\/www.friedensplattform.at\/index.php?rest_route=%2Fwp%2Fv2%2Ftags&post=328"}],"curies":[{"name":"wp","href":"https:\/\/api.w.org\/{rel}","templated":true}]}}