{"id":3282,"date":"2013-12-13T20:21:31","date_gmt":"2013-12-13T18:21:31","guid":{"rendered":"http:\/\/www.luxorbis.org\/friedensplattform.at\/?p=3282"},"modified":"2013-12-13T20:21:31","modified_gmt":"2013-12-13T18:21:31","slug":"who-hilft-beim-verschleiern-von-kriegsfolgen","status":"publish","type":"post","link":"https:\/\/www.friedensplattform.at\/?p=3282","title":{"rendered":"WHO hilft beim Verschleiern von Kriegsfolgen"},"content":{"rendered":"<p>Mitte September ver\u00f6ffentlichte die Weltgesundheitsorganisation (WHO) das  langerwartete Ergebnis einer Studie \u00fcber die H\u00e4ufigkeit von Geburtsfehlern bei  Kindern im Irak.<!--more--> Die in einem als \u00bbvorl\u00e4ufig\u00ab bezeichneten Kurzbericht des  irakischen Gesundheitsministeriums pr\u00e4sentierten Ergebnisse sorgen nun jedoch  unter unabh\u00e4ngigen Experten wie auch fr\u00fcheren Mitarbeitern der UNO und der WHO  f\u00fcr Emp\u00f6rung. Sie stehen nicht nur in starkem Gegensatz zu bisherigen, in sich  konsistenten Untersuchungen irakischer und internationaler Wissenschaftler,  sondern auch zu fr\u00fcheren \u00c4u\u00dferungen von Forschern des Ministeriums, die die  Studie durchf\u00fchrten, und der WHO.<\/p>\n<p>Joachim Guilliard<\/p>\n<p><a href=\"http:\/\/www.sopos.org\/aufsaetze\/52a72a90ddda9\/1.phtml\" target=\"_blank\">http:\/\/www.sopos.org\/aufsaetze\/52a72a90ddda9\/1.phtml<\/a><\/p>\n","protected":false},"excerpt":{"rendered":"<p>Mitte September ver\u00f6ffentlichte die Weltgesundheitsorganisation (WHO) das langerwartete Ergebnis einer Studie \u00fcber die H\u00e4ufigkeit von Geburtsfehlern bei Kindern im Irak.<\/p>\n","protected":false},"author":3,"featured_media":0,"comment_status":"open","ping_status":"open","sticky":false,"template":"","format":"standard","meta":{"footnotes":""},"categories":[1,5],"tags":[],"class_list":["post-3282","post","type-post","status-publish","format-standard","hentry","category-allgemein","category-arabischer-raum"],"_links":{"self":[{"href":"https:\/\/www.friedensplattform.at\/index.php?rest_route=\/wp\/v2\/posts\/3282","targetHints":{"allow":["GET"]}}],"collection":[{"href":"https:\/\/www.friedensplattform.at\/index.php?rest_route=\/wp\/v2\/posts"}],"about":[{"href":"https:\/\/www.friedensplattform.at\/index.php?rest_route=\/wp\/v2\/types\/post"}],"author":[{"embeddable":true,"href":"https:\/\/www.friedensplattform.at\/index.php?rest_route=\/wp\/v2\/users\/3"}],"replies":[{"embeddable":true,"href":"https:\/\/www.friedensplattform.at\/index.php?rest_route=%2Fwp%2Fv2%2Fcomments&post=3282"}],"version-history":[{"count":0,"href":"https:\/\/www.friedensplattform.at\/index.php?rest_route=\/wp\/v2\/posts\/3282\/revisions"}],"wp:attachment":[{"href":"https:\/\/www.friedensplattform.at\/index.php?rest_route=%2Fwp%2Fv2%2Fmedia&parent=3282"}],"wp:term":[{"taxonomy":"category","embeddable":true,"href":"https:\/\/www.friedensplattform.at\/index.php?rest_route=%2Fwp%2Fv2%2Fcategories&post=3282"},{"taxonomy":"post_tag","embeddable":true,"href":"https:\/\/www.friedensplattform.at\/index.php?rest_route=%2Fwp%2Fv2%2Ftags&post=3282"}],"curies":[{"name":"wp","href":"https:\/\/api.w.org\/{rel}","templated":true}]}}