{"id":3286,"date":"2013-12-15T20:28:34","date_gmt":"2013-12-15T18:28:34","guid":{"rendered":"http:\/\/www.luxorbis.org\/friedensplattform.at\/?p=3286"},"modified":"2013-12-15T20:28:34","modified_gmt":"2013-12-15T18:28:34","slug":"stellungnahme-gegen-kronenzeitung-artikel","status":"publish","type":"post","link":"https:\/\/www.friedensplattform.at\/?p=3286","title":{"rendered":"Stellungnahme gegen Kronenzeitung-Artikel"},"content":{"rendered":"<p><span style=\"font-size: 18pt; line-height: 115%; font-family: &quot;Estrangelo Edessa&quot;; color: #4c1130;\">Der Artikel in Ihrem Blatt ist angetan, Islamfeindlichkeit Vorschub zu leisten. Und das zur Weihnachtszeit. <\/span><\/p>\n<p><span style=\"font-size: 18pt; line-height: 115%; font-family: &quot;Estrangelo Edessa&quot;; color: #4c1130;\"><!--more--><br \/>\n<\/span><\/p>\n<p><a href=\"http:\/\/www.krone.at\/Nachrichten\/Radikale_Islam-Lehrer_an_steirischen_Schulen-Schwere_Vorwuerfe-Story-386497\" target=\"_blank\">http:\/\/www.krone.at\/Nachrichten\/Radikale_Islam-Lehrer_an_steirischen_Schulen-Schwere_Vorwuerfe-Story-386497<\/a><\/p>\n<div class=\"gmail_default\" style=\"font-family: tahoma,sans-serif; font-size: large; color: #4c1130;\"><span style=\"font-size: 18pt; font-family: &quot;Estrangelo Edessa&quot;;\">An die Kronenzeitung<\/span><\/div>\n<div style=\"font-family: tahoma,sans-serif; font-size: large; color: #4c1130;\">\n<p class=\"MsoNormal\" style=\"line-height: normal;\"><span style=\"font-size: 18pt; font-family: &quot;Estrangelo Edessa&quot;;\">Betrifft: Ihren Beitrag \u201eRadikale Islam-Lehrer an steirischen Schulen\u201c \u00a0vom 15.12.2013<\/span><span style=\"font-size: 12pt; font-family: &quot;Times New Roman&quot;,&quot;serif&quot;;\"> <\/span><\/p>\n<p class=\"MsoNormal\">\n<p class=\"MsoNormal\"><span style=\"font-size: 18pt; line-height: 115%; font-family: &quot;Estrangelo Edessa&quot;; color: #4c1130;\">Der Artikel in Ihrem Blatt ist angetan, Islamfeindlichkeit Vorschub zu leisten. Und das zur Weihnachtszeit.<\/span><span style=\"font-size: 12pt; line-height: 115%; font-family: &quot;Times New Roman&quot;,&quot;serif&quot;; color: #4c1130;\"> <\/span><\/p>\n<p class=\"MsoNormal\" style=\"line-height: normal;\"><span style=\"font-size: 18pt; font-family: &quot;Estrangelo Edessa&quot;; color: #4c1130;\">Zuerst stellen Sie v\u00f6llig unhaltbare stereotype Beschuldigungen gegen islamische Religionslehrer\u00a0auf.<\/span><\/p>\n<p class=\"MsoNormal\" style=\"line-height: normal;\"><span style=\"font-size: 18pt; font-family: &quot;Estrangelo Edessa&quot;; color: #4c1130;\">Das vermischen Sie mit einem Schweigemarsch f\u00fcr die Demokratie in \u00c4gypten, der Anfang \u00a0Oktober(!) in Graz von der Steirischen Friedensplattform und MigrantInnenorganisationen abgehalten wurde. Kundgebungen gegen den Milit\u00e4rputsch fanden zeitgleich in ganz Europa und weltweit statt. Haben Sie dar\u00fcber berichtet?<\/span><\/p>\n<p class=\"MsoNormal\" style=\"line-height: normal;\"><span style=\"font-size: 18pt; font-family: &quot;Estrangelo Edessa&quot;; color: #4c1130;\">Der Schweigemarsch richtete sich gegen den Putsch von General Sisi und seine Diktatur, die Tausende von demokratisch FRIEDLICH gesinnten \u00c4gypterInnen, AUCH JOURNALISTEN UND FOTOGRAFEN in Foltergef\u00e4ngnissen verschwinden lie\u00df und sie w\u00e4hrend der Gegendemonstrationen in ganz \u00c4gypten niederpr\u00fcgelte und ermordete.<\/span><\/p>\n<p class=\"MsoNormal\" style=\"line-height: normal;\"><span style=\"font-size: 18pt; font-family: &quot;Estrangelo Edessa&quot;; color: #4c1130;\">F\u00fcr ein demokratiepolitisch gesundes Verst\u00e4ndnis \u00fcber die Geschehnisse in \u00c4gypten ver\u00f6ffentlichen Sie bitte die Berichte des ORF-Korrespondenten Karim El-Gawhary! <\/span><\/p>\n<p class=\"MsoNormal\" style=\"line-height: normal;\"><span style=\"font-size: 18pt; font-family: &quot;Estrangelo Edessa&quot;; color: #4c1130;\">Die R4BIA-Hand erinnert an die tausenden Toten des Massakers am Rabia-al-Adawija Platz am 14. August in Kairo. Es ist f\u00fcr ALLE demokratisch-fortschrittlichen Kr\u00e4fte in \u00c4gypten und weltweit ein Symbol f\u00fcr Demokratie und Freiheit, nicht nur f\u00fcr eine Partei!<\/span><\/p>\n<p class=\"MsoNormal\" style=\"line-height: normal;\"><span style=\"font-size: 18pt; font-family: &quot;Estrangelo Edessa&quot;; color: #4c1130;\"><br \/>\n<\/span><\/p>\n<p class=\"MsoNormal\" style=\"line-height: normal;\"><span style=\"font-size: 18pt; font-family: &quot;Estrangelo Edessa&quot;; color: #4c1130;\">Denken Sie nicht daran, dass Kinder, die auf der Grazer Kundgebung anwesend waren, Verwandte verloren haben k\u00f6nnten? Wollen Sie ihnen verbieten ihrer Trauer gemeinsam mit ihren Eltern \u00f6ffentlich Ausdruck zu verleihen?<\/span><\/p>\n<p class=\"MsoNormal\" style=\"margin-bottom: 0.0001pt; line-height: normal;\"><span style=\"font-size: 18pt; font-family: &quot;Estrangelo Edessa&quot;; color: #4c1130;\">Was bezwecken Sie mit ihrer<br \/>\ndenunziatorischen und falschen Berichterstattung?<\/span><\/p>\n<p class=\"MsoNormal\" style=\"margin-bottom: 0.0001pt; line-height: normal;\"><span style=\"font-size: 18pt; font-family: &quot;Estrangelo Edessa&quot;; color: #4c1130;\"> <\/span><\/p>\n<p class=\"MsoNormal\" style=\"margin-bottom: 0.0001pt; line-height: normal;\"><span style=\"font-size: 18pt; font-family: &quot;Estrangelo Edessa&quot;; color: #4c1130;\">Wir protestieren gegen die islamfeindliche und antidemokratische Grundhaltung in diesem Artikel.<\/span><\/p>\n<p class=\"MsoNormal\" style=\"margin-bottom: 0.0001pt; line-height: normal;\"><span style=\"font-size: 18pt; font-family: &quot;Estrangelo Edessa&quot;; color: #4c1130;\"> <\/span><\/p>\n<p class=\"MsoNormal\" style=\"margin-bottom: 0.0001pt; text-align: right; line-height: normal;\" align=\"right\"><span style=\"font-size: 18pt; font-family: &quot;Estrangelo Edessa&quot;; color: #4c1130;\"> <\/span><\/p>\n<p class=\"MsoNormal\" style=\"text-align: right;\" align=\"right\"><span style=\"font-size: 14pt; line-height: 115%;\">Steirische Friedensplattform<\/span><\/p>\n<p class=\"MsoNormal\" style=\"text-align: right;\" align=\"right\"><span style=\"font-size: 14pt; line-height: 115%;\"> \u00c4gyptische Gemeinde in \u00d6sterreich<\/span><\/p>\n<p class=\"MsoNormal\" style=\"text-align: right;\" align=\"right\"><span style=\"font-size: 14pt; line-height: 115%;\"> Liga Kulturverein<\/span><\/p>\n<\/div>\n<div style=\"font-family: tahoma,sans-serif; font-size: large; color: #4c1130; display: inline;\">Helga Suleiman, Steirische Friedensplattform<\/div>\n<div style=\"font-family: tahoma,sans-serif; font-size: large; color: #4c1130; display: inline;\"><a href=\"http:\/\/www.friedensplattform.at\" target=\"_blank\">www.friedensplattform.at<\/a><\/div>\n","protected":false},"excerpt":{"rendered":"<p>Der Artikel in Ihrem Blatt ist angetan, Islamfeindlichkeit Vorschub zu leisten. Und das zur Weihnachtszeit.<\/p>\n","protected":false},"author":3,"featured_media":0,"comment_status":"open","ping_status":"open","sticky":false,"template":"","format":"standard","meta":{"footnotes":""},"categories":[1],"tags":[],"class_list":["post-3286","post","type-post","status-publish","format-standard","hentry","category-allgemein"],"_links":{"self":[{"href":"https:\/\/www.friedensplattform.at\/index.php?rest_route=\/wp\/v2\/posts\/3286","targetHints":{"allow":["GET"]}}],"collection":[{"href":"https:\/\/www.friedensplattform.at\/index.php?rest_route=\/wp\/v2\/posts"}],"about":[{"href":"https:\/\/www.friedensplattform.at\/index.php?rest_route=\/wp\/v2\/types\/post"}],"author":[{"embeddable":true,"href":"https:\/\/www.friedensplattform.at\/index.php?rest_route=\/wp\/v2\/users\/3"}],"replies":[{"embeddable":true,"href":"https:\/\/www.friedensplattform.at\/index.php?rest_route=%2Fwp%2Fv2%2Fcomments&post=3286"}],"version-history":[{"count":0,"href":"https:\/\/www.friedensplattform.at\/index.php?rest_route=\/wp\/v2\/posts\/3286\/revisions"}],"wp:attachment":[{"href":"https:\/\/www.friedensplattform.at\/index.php?rest_route=%2Fwp%2Fv2%2Fmedia&parent=3286"}],"wp:term":[{"taxonomy":"category","embeddable":true,"href":"https:\/\/www.friedensplattform.at\/index.php?rest_route=%2Fwp%2Fv2%2Fcategories&post=3286"},{"taxonomy":"post_tag","embeddable":true,"href":"https:\/\/www.friedensplattform.at\/index.php?rest_route=%2Fwp%2Fv2%2Ftags&post=3286"}],"curies":[{"name":"wp","href":"https:\/\/api.w.org\/{rel}","templated":true}]}}