{"id":3297,"date":"2014-01-13T22:15:26","date_gmt":"2014-01-13T20:15:26","guid":{"rendered":"http:\/\/www.luxorbis.org\/friedensplattform.at\/?p=3297"},"modified":"2014-01-13T22:15:26","modified_gmt":"2014-01-13T20:15:26","slug":"matthias-reichlverteidigungsminister-klug-ehrte-den-israelischen-verbrecher-scharon","status":"publish","type":"post","link":"https:\/\/www.friedensplattform.at\/?p=3297","title":{"rendered":"Matthias Reichl:Verteidigungsminister Klug ehrte den israelischen Verbrecher Scharon &#8211;"},"content":{"rendered":"<h2>kein \u00f6sterreichischer Politiker ehrte den Friedensnobelpreistr\u00e4ger<\/h2>\n<h2>Nelson Mandela bei dessen Begr\u00e4bnis.<!--more--><\/h2>\n<p>Bei den Begr\u00e4bnisfeierlichkeiten f\u00fcr den verstorbenen israelischen<br \/>\nKriegs- und Genozidverbrecher Ariel Scharon am 13.1.2014 in Jerusalem<br \/>\nvertrat Verteidigungminister Klug die \u00f6sterreichische Regierung &#8211;<br \/>\nnicht aber die gesamte Bev\u00f6lkerung!<\/p>\n<p>Wie die israelische &#8222;verzichtete&#8220; auch die \u00f6sterreichische Regierung<br \/>\ndarauf ein Regierungmitglied zu Nelson Mandelas Begr\u00e4bnis nach<br \/>\nS\u00fcdafrika zu senden!<\/p>\n<p>Zur Erinnerung &#8211; auch Klugs Vorg\u00e4nger Darabos kn\u00fcpfte seit 2008 mit<br \/>\ndem israelischen Milit\u00e4r eine strategische Zusammenarbeit. Einige Male<br \/>\nbegleitete ihn Bundespr\u00e4sident Fischer &#8211; als Oberbefehlshaber des<br \/>\nBundesheeres &#8211; zu den Treffen.<\/p>\n<p>P.S.: Der R\u00fcckzug israelischer Milit\u00e4rs und Unternehmen aus Gaza &#8211; auf<br \/>\nScharons Befehl &#8211; folgte nur der Logik, dass das total ausgebeutete<br \/>\nLand (v.a. deren Grundwasserressourcen) mit der inhuman  \u00fcberlebenden<br \/>\nBev\u00f6lkerung \u00f6konomisch und politisch nicht mehr interessant war und ist.<\/p>\n<p>Ariel Scharon war auch eine treibende Kraft f\u00fcr den Bau israelischer<br \/>\nSiedlungen und der Apartheidsmauer, die beide die Lebensgrundlagen von<br \/>\nPal\u00e4stinensern und die Hoffnung auf einen lebensf\u00e4higen<br \/>\nPal\u00e4stinenserstaat &#8211; zerst\u00f6ren.<\/p>\n<p>P.P.S: Mit UN-Beschluss im Herbst des Vorjahres wurde 2014 zum<br \/>\n&#8222;International Year Of Solidarity With The Palestinian People&#8220; erkl\u00e4rt.<\/p>\n<p>Voicing solidarity with Palestinian cause, UN officials stress<br \/>\nimportance of resumed peace talks<br \/>\n<a href=\"https:\/\/3c.gmx.net\/mail\/client\/dereferrer?redirectUrl=http%3A%2F%2Fwww.un.org%2Fapps%2Fnews%2Fstory.asp%2Fwww.iaea.org%2Fstory.asp%3FNewsID%3D46578%26Cr%3DPalestin%26Cr1%3D\" target=\"_blank\">http:\/\/www.un.org\/apps\/news\/story.asp\/www.iaea.org\/story.asp?NewsID=46578&amp;Cr=Palestin&amp;Cr1=<\/a><\/p>\n<p>UN Makes 2014 International Year Of Solidarity With The Palestinian<br \/>\nPeople \u2013 Boycott Apartheid Israel , By Dr Gideon Polya , 10 January,<br \/>\n2014, <a href=\"https:\/\/3c.gmx.net\/mail\/client\/dereferrer?redirectUrl=http%3A%2F%2Fwww.countercurrents.org%2Fpolya100114.htm\" target=\"_blank\">http:\/\/www.countercurrents.org\/polya100114.htm<\/a><\/p>\n","protected":false},"excerpt":{"rendered":"<p>kein \u00f6sterreichischer Politiker ehrte den Friedensnobelpreistr\u00e4ger Nelson Mandela bei dessen Begr\u00e4bnis.<\/p>\n","protected":false},"author":2,"featured_media":0,"comment_status":"open","ping_status":"open","sticky":false,"template":"","format":"standard","meta":{"footnotes":""},"categories":[18],"tags":[],"class_list":["post-3297","post","type-post","status-publish","format-standard","hentry","category-palaestina-solidaritaet"],"_links":{"self":[{"href":"https:\/\/www.friedensplattform.at\/index.php?rest_route=\/wp\/v2\/posts\/3297","targetHints":{"allow":["GET"]}}],"collection":[{"href":"https:\/\/www.friedensplattform.at\/index.php?rest_route=\/wp\/v2\/posts"}],"about":[{"href":"https:\/\/www.friedensplattform.at\/index.php?rest_route=\/wp\/v2\/types\/post"}],"author":[{"embeddable":true,"href":"https:\/\/www.friedensplattform.at\/index.php?rest_route=\/wp\/v2\/users\/2"}],"replies":[{"embeddable":true,"href":"https:\/\/www.friedensplattform.at\/index.php?rest_route=%2Fwp%2Fv2%2Fcomments&post=3297"}],"version-history":[{"count":0,"href":"https:\/\/www.friedensplattform.at\/index.php?rest_route=\/wp\/v2\/posts\/3297\/revisions"}],"wp:attachment":[{"href":"https:\/\/www.friedensplattform.at\/index.php?rest_route=%2Fwp%2Fv2%2Fmedia&parent=3297"}],"wp:term":[{"taxonomy":"category","embeddable":true,"href":"https:\/\/www.friedensplattform.at\/index.php?rest_route=%2Fwp%2Fv2%2Fcategories&post=3297"},{"taxonomy":"post_tag","embeddable":true,"href":"https:\/\/www.friedensplattform.at\/index.php?rest_route=%2Fwp%2Fv2%2Ftags&post=3297"}],"curies":[{"name":"wp","href":"https:\/\/api.w.org\/{rel}","templated":true}]}}