{"id":3303,"date":"2014-01-19T20:14:07","date_gmt":"2014-01-19T18:14:07","guid":{"rendered":"http:\/\/www.luxorbis.org\/friedensplattform.at\/?p=3303"},"modified":"2014-01-19T20:14:07","modified_gmt":"2014-01-19T18:14:07","slug":"protest-gegen-g4s-und-schubhaftgefaengnis-vordernberg","status":"publish","type":"post","link":"https:\/\/www.friedensplattform.at\/?p=3303","title":{"rendered":"Protest gegen G4S und Schubhaftgef&#228;ngnis Vordernberg"},"content":{"rendered":"<div class=\"abox\">Petition des Vereins Dar al Janub<\/div>\n<p><span class=\"dateline\">Wien (OTS) &#8211;<\/span> In einer dringenden Petition wandte sich heute der<\/p>\n<div id=\"aussendungsvolltext\" style=\"white-space: nowrap;\">\n<p><span>Verein Dar al Janub an die Innenministerin Mikl-Leitner. Grund daf\u00fcr<br \/>\nist die geplante Er\u00f6ffnung des Schubhaftzentrums in Vordernberg am<br \/>\n15. J\u00e4nner 2014 und die umstrittenen Vertr\u00e4ge mit dem privaten<br \/>\nSicherheitskonzern G4S. <\/span><\/p>\n<p><span><!--more--><br \/>\n<\/span><\/p>\n<p><span>Dabei ginge es nicht nur um die<br \/>\nFragw\u00fcrdigkeit der verfassungsrechtlichen Zul\u00e4ssigkeit, Fl\u00fcchtlinge<br \/>\nvon privaten Sicherheitskr\u00e4ften beaufsichtigen und kontrollieren zu<br \/>\nlassen:  Das britische Unternehmen G4S gilt international als ein<br \/>\nKonzern mit h\u00f6chst zweifelhaftem Ruf und \u00e4u\u00dferst bedenklichen<br \/>\nGesch\u00e4ftsbeziehungen. Es ist bekannt, dass G4S Sicherheitsausr\u00fcstung<br \/>\nund Dienstleistungen in Gef\u00e4ngnissen in Israel, im v\u00f6lkerrechtswidrig<br \/>\nbesetzten Westjordanland in israelischen Siedlungen stellt und im<br \/>\ndringenden Verdacht steht, in Israel Folterzentren zu betreiben. G4S<br \/>\nliefert zudem Sicherheitssysteme an das israelische Polizeipr\u00e4sidium<br \/>\nim Westjordanland und stellt Ausr\u00fcstung f\u00fcr milit\u00e4rische<br \/>\nKontrollpunkte im Westjordanland. Alle diese Beteiligungen durch das<br \/>\nglobal agierende Unternehmen G4S sind laut der Vierten Genfer<br \/>\nKonvention unrechtm\u00e4\u00dfig. Auch die auf pal\u00e4stinensischem Gebiet<br \/>\nerrichteten Kontrollpunkte sind laut einem Gutachten des<br \/>\ninternationalen Gerichtshofs vom 9. Juli 2004 gesetzeswidrig und<br \/>\nversto\u00dfen gegen das internationale V\u00f6lkerrecht. An allen<br \/>\nBeteiligungen von G4S, nicht nur in Israel und dem besetzen<br \/>\nPal\u00e4stina, kommt es fortlaufend zu schweren<br \/>\nMenschenrechtsverletzungen, wie Folter, Mord, Administrativhaft und<br \/>\nInhaftierung von Minderj\u00e4hrigen. Da G4S in zahlreiche<br \/>\nMenschenrechtsverletzungen &#8211; nicht nur in Israel &#8211;  involviert ist,<br \/>\nwurde das Unternehmen 2013 f\u00fcr den Negativpreis Public Eye Award<br \/>\nnominiert, der im Rahmen einer Gegenveranstaltung zum World Economic<br \/>\nForum verliehen wird. Aus diesen Gr\u00fcnden ist es inakzeptabel, wenn<br \/>\nschutzbed\u00fcrftige Personen in die Obhut eines anr\u00fcchigen Konzerns wie<br \/>\nG4S \u00fcberantwortet werden, betont der Verein Dar al Janub. Die<br \/>\nPetition fordert daher die Innenministerin auf, in einem ersten<br \/>\nSchritt die Vertr\u00e4ge mit der &#8222;Sicherheitsfirma&#8220; G4S aufzuk\u00fcndigen,<br \/>\ndas Schubgef\u00e4ngnis Vordernberg nicht in Betrieb zu nehmen und endlich<br \/>\neine menschenw\u00fcrdige Asyl- und Fl\u00fcchtlingspolitik einzuleiten.<br \/>\n<\/span><\/div>\n<div id=\"artfooter\">\n<p><strong>OTS-Originaltext Presseaussendung unter ausschlie\u00dflicher inhaltlicher Verantwortung des Aussenders.<\/strong><br \/>\n<small>OTS0117 2014-01-10 12:36 101236 J\u00e4n 14  NEF0006 <span>0321<\/span><\/small><\/p>\n<p><span><a href=\"http:\/\/\">http:\/\/www.ots.at\/presseaussendung\/OTS_20140110_OTS0117\/protest-gegen-g4s-und-das-geplante-schubgefaengnis-vordernberghttp:\/\/www.ots.at\/presseaussendung\/OTS_20140110_OTS0117\/protest-gegen-g4s-und-das-geplante-schubgefaengnis-vordernberg<\/a><br \/>\n<\/span><\/div>\n","protected":false},"excerpt":{"rendered":"<p>Petition des Vereins Dar al Janub Wien (OTS) &#8211; In einer dringenden Petition wandte sich heute der Verein Dar al Janub an die Innenministerin Mikl-Leitner. Grund daf\u00fcr ist die geplante Er\u00f6ffnung des Schubhaftzentrums in Vordernberg am 15. J\u00e4nner 2014 und die umstrittenen Vertr\u00e4ge mit dem privaten Sicherheitskonzern G4S.<\/p>\n","protected":false},"author":3,"featured_media":0,"comment_status":"open","ping_status":"open","sticky":false,"template":"","format":"standard","meta":{"footnotes":""},"categories":[4,18],"tags":[],"class_list":["post-3303","post","type-post","status-publish","format-standard","hentry","category-antirassismus","category-palaestina-solidaritaet"],"_links":{"self":[{"href":"https:\/\/www.friedensplattform.at\/index.php?rest_route=\/wp\/v2\/posts\/3303","targetHints":{"allow":["GET"]}}],"collection":[{"href":"https:\/\/www.friedensplattform.at\/index.php?rest_route=\/wp\/v2\/posts"}],"about":[{"href":"https:\/\/www.friedensplattform.at\/index.php?rest_route=\/wp\/v2\/types\/post"}],"author":[{"embeddable":true,"href":"https:\/\/www.friedensplattform.at\/index.php?rest_route=\/wp\/v2\/users\/3"}],"replies":[{"embeddable":true,"href":"https:\/\/www.friedensplattform.at\/index.php?rest_route=%2Fwp%2Fv2%2Fcomments&post=3303"}],"version-history":[{"count":0,"href":"https:\/\/www.friedensplattform.at\/index.php?rest_route=\/wp\/v2\/posts\/3303\/revisions"}],"wp:attachment":[{"href":"https:\/\/www.friedensplattform.at\/index.php?rest_route=%2Fwp%2Fv2%2Fmedia&parent=3303"}],"wp:term":[{"taxonomy":"category","embeddable":true,"href":"https:\/\/www.friedensplattform.at\/index.php?rest_route=%2Fwp%2Fv2%2Fcategories&post=3303"},{"taxonomy":"post_tag","embeddable":true,"href":"https:\/\/www.friedensplattform.at\/index.php?rest_route=%2Fwp%2Fv2%2Ftags&post=3303"}],"curies":[{"name":"wp","href":"https:\/\/api.w.org\/{rel}","templated":true}]}}