{"id":3311,"date":"2014-02-04T18:38:53","date_gmt":"2014-02-04T16:38:53","guid":{"rendered":"http:\/\/www.luxorbis.org\/friedensplattform.at\/?p=3311"},"modified":"2014-02-04T18:38:53","modified_gmt":"2014-02-04T16:38:53","slug":"michael-genner-obmann-von-asyl-in-not-soll-wegen-gutheissung-von-schlepperei-vor-gericht","status":"publish","type":"post","link":"https:\/\/www.friedensplattform.at\/?p=3311","title":{"rendered":"Michael Genner, Obmann von &quot;Asyl in Not&quot; soll wegen Guthei&#223;ung von Schlepperei vor Gericht."},"content":{"rendered":"<h2>Hier seine Einladung zu seinem Proze\u00df:<!--more--><\/h2>\n<p>********************************************************<br \/>\n<a href=\"http:\/\/akin.mediaweb.at\/index.html\">akin-Pressedienst<\/a>. Extrablatt.<br \/>\nAussendungszeitpunkt: Mittwoch, 29. J\u00e4nner 2014; 14:17<br \/>\n**********************************************************<\/p>\n<p>Medien\/Recht\/Asyl:<\/p>\n<p>*<\/p>\n<p>&gt; Die Freiheit der Medien steht auf dem Spiel<\/p>\n<p>Proze\u00df gegen Michael Genner wegen &#8222;Guthei\u00dfung strafbarer Handlungen&#8220;:<br \/>\nDonnerstag 6. Februar 2014, 10:30 Uhr<br \/>\nLandesgericht f\u00fcr Strafsachen Wien, Saal 310, 3. Stock<br \/>\nEingang Wickenburggasse 22, 1080 Wien<\/p>\n<p>Das Platzverbot, das die Wiener Polizei sogar \u00fcber Journalisten verh\u00e4ngt,<br \/>\ndie \u00fcber den rechten Ball und die Protestaktionen der demokratischen<br \/>\n\u00d6ffentlichkeit berichten wollen, hat Emp\u00f6rung ausgel\u00f6st. Aber es ist nicht<br \/>\nder einzige aktuelle Angriff auf die Medienfreiheit.<\/p>\n<p>Ein  anonymer Denunziant hat mich wegen meines im August 2013<br \/>\nver\u00f6ffentlichten Artikels &#8222;Schlepper und Lumpen&#8220; angezeigt:<\/p>\n<p><a href=\"http:\/\/www.asyl-in-not.org\/php\/schlepper_und_lumpen,20483,33673.html\">http:\/\/www.asyl-in-not.org\/php\/schlepper_und_lumpen,20483,33673.html<\/a><\/p>\n<p>Der Naderer hei\u00dft laut Aktenvermerk: &#8222;Unbekannt UNBEKANNT&#8220;. Auch was ihm an<br \/>\nmeinem Artikel nicht pa\u00dft, steht nirgends. Aber eine Wiener Staatsanw\u00e4ltin,<br \/>\nStefanie Sch\u00f6n, ist dem anonymen Zuruf gefolgt und hat einen &#8222;Strafantrag&#8220;<br \/>\ngegen mich gestellt. Wegen \u00a7 282 Abs 2 StGB:<\/p>\n<p>Ich h\u00e4tte &#8222;eine vors\u00e4tzlich begangene, mit einer ein Jahr \u00fcbersteigenden<br \/>\nFreiheitsstrafe bedrohte Handlung in einer Art gutgehei\u00dfen, die geeignet<br \/>\nist, das allgemeine Rechtsempfinden zu emp\u00f6ren oder zur Begehung einer<br \/>\nsolchen Handlung aufzureizen&#8220;. Daf\u00fcr k\u00f6nnen mir bis zu zwei Jahre Gef\u00e4ngnis<br \/>\ndrohen.<\/p>\n<p>In meinem Artikel (bitte nachzulesen) habe ich das Thema &#8222;Schlepperei&#8220; etwas<br \/>\ndifferenzierter abgehandelt als die Frau Mikl-Leitner, die den Refugees im<br \/>\nServitenkloster unterstellte, sie h\u00e4tten schwangere Frauen unterwegs<br \/>\nausgesetzt. Eine unwahre Behauptung, die sie dann zur\u00fcckzunehmen hatte.<\/p>\n<p>Ich habe klargestellt, da\u00df es Schlepper gibt, die das Leben ihrer Kunden<br \/>\naufs Spiel setzen; ebenso solche, die Sklavinnenhandel betreiben und<br \/>\nZuh\u00e4lter und M\u00f6rder sind &#8211; aber auch solche, die Gefl\u00fcchtete vor Folter und<br \/>\nTod retten und vor denen ich daher Achtung habe.<\/p>\n<p>Von einer Emp\u00f6rung des allgemeinen Rechtsempfindens habe ich nichts bemerkt;<br \/>\nich habe durchwegs zustimmende Reaktionen erhalten. Ausgenommen den mir<br \/>\nunbekannten Denunzianten; aber dessen &#8222;Rechtsempfinden&#8220; wird wohl niemand<br \/>\nf\u00fcr &#8222;allgemein&#8220; erachten.<\/p>\n<p>Ich habe auch niemanden zur Schlepperei &#8222;aufgereizt&#8220;. Kein Schlepper bedarf<br \/>\nder &#8222;Aufreizung&#8220; durch mich, um seiner Arbeit nachzugehen.<\/p>\n<p>Vor allem aber ist dieser Proze\u00df ein Angriff auf die Meinungsfreiheit, auf<br \/>\ndie Freiheit der Medien und somit auf die Bundesverfassung, die die freie<br \/>\nMeinungs\u00e4u\u00dferung sch\u00fctzt.<\/p>\n<p>Der von Stefanie Sch\u00f6n eingebrachte Strafantrag beschr\u00e4nkt sich auf die<br \/>\nWiedergabe meines Artikels und l\u00e4\u00dft jede Auseinandersetzung mit dem<br \/>\nGrundrecht der freien Meinungs\u00e4u\u00dferung vermissen. Er enth\u00e4lt keinerlei<br \/>\nAngaben, warum dieser Eingriff in mein von Artikel 10 der Europ\u00e4ischen<br \/>\nMenschenrechtskonvention gesch\u00fctztes Grundrecht so &#8222;unentbehrlich&#8220; sein<br \/>\nsoll, wie das Gesetz es verlangt.<\/p>\n<p>Somit ist klar, da\u00df diese durch nichts begr\u00fcndete Anklage lediglich dem<br \/>\nZweck dienen soll, eine \u00f6ffentliche politische Diskussion \u00fcber Fluchthilfe<br \/>\nund &#8222;Schlepperei&#8220; zu unterbinden und den derzeit noch geltenden<br \/>\nGesetzeszustand f\u00fcr sakrosankt zu erkl\u00e4ren.<\/p>\n<p>Ich habe in den 25 Jahren meiner T\u00e4tigkeit als Rechtsberater viele tausende<br \/>\nFl\u00fcchtlinge erfolgreich vertreten, die ihr Leben den &#8222;Schleppern&#8220; verdanken,<br \/>\nweil sie ohne deren Hilfe in ihren Herkunftsl\u00e4ndern verhaftet, gefoltert,<br \/>\nermordet worden w\u00e4ren.<\/p>\n<p>Rechtsanwalt Herbert Pochieser, der mich in diesem Verfahren vertritt, hat<br \/>\ngegen die als Strafantrag bezeichnete Anklageschrift Einspruch erhoben und<br \/>\nbeantragt, das Verfahren einzustellen, eventualiter die Sache einem<br \/>\nGeschworenengericht zuzuweisen.<\/p>\n<p>Angesichts der besonderen Verwerflichkeit des Denunzianten-Unwesens, das im<br \/>\nLauf der Geschichte enormes Unheil angerichtet hat, verlangt Asyl in Not die<br \/>\nOffenlegung der Identit\u00e4t des Naderers durch die Staatsanwaltschaft.<\/p>\n<p>Die Verhandlung ist \u00f6ffentlich. Ich lade herzlich dazu ein.<\/p>\n<p>Michael Genner<br \/>\nObmann von Asyl in Not<br \/>\nwww.asyl-in-not.org<\/p>\n<p>Spendenkonto:<br \/>\nRaiffeisen (BLZ 32000),<br \/>\nKontonummer 5.943.139, Asyl in Not<\/p>\n<p>Online spenden:<br \/>\nhttp:\/\/www.asyl-in-not.org\/php\/spenden.php<\/p>\n<p>*<br \/>\nSiehe auch:<br \/>\n<a href=\"http:\/\/derstandard.at\/1389858265881\/Von-kriminellen-und-guten-Schleppern\">http:\/\/derstandard.at\/1389858265881\/Von-kriminellen-und-guten-Schleppern<\/a><br \/>\n*<br \/>\nQuelle:<br \/>\n<a href=\"http:\/\/www.asyl-in-not.org\/php\/die_freiheit_der_medien_steht_auf_dem_spiel,20714,34967.html\">http:\/\/www.asyl-in-not.org\/php\/die_freiheit_der_medien_steht_auf_dem_spiel,20714,34967.html<\/a><\/p>\n<p>http:\/\/akin.mediaweb.at\/2014\/03asyl.htm<\/p>\n","protected":false},"excerpt":{"rendered":"<p>Hier seine Einladung zu seinem Proze\u00df:<\/p>\n","protected":false},"author":2,"featured_media":0,"comment_status":"open","ping_status":"open","sticky":false,"template":"","format":"standard","meta":{"footnotes":""},"categories":[4],"tags":[],"class_list":["post-3311","post","type-post","status-publish","format-standard","hentry","category-antirassismus"],"_links":{"self":[{"href":"https:\/\/www.friedensplattform.at\/index.php?rest_route=\/wp\/v2\/posts\/3311","targetHints":{"allow":["GET"]}}],"collection":[{"href":"https:\/\/www.friedensplattform.at\/index.php?rest_route=\/wp\/v2\/posts"}],"about":[{"href":"https:\/\/www.friedensplattform.at\/index.php?rest_route=\/wp\/v2\/types\/post"}],"author":[{"embeddable":true,"href":"https:\/\/www.friedensplattform.at\/index.php?rest_route=\/wp\/v2\/users\/2"}],"replies":[{"embeddable":true,"href":"https:\/\/www.friedensplattform.at\/index.php?rest_route=%2Fwp%2Fv2%2Fcomments&post=3311"}],"version-history":[{"count":0,"href":"https:\/\/www.friedensplattform.at\/index.php?rest_route=\/wp\/v2\/posts\/3311\/revisions"}],"wp:attachment":[{"href":"https:\/\/www.friedensplattform.at\/index.php?rest_route=%2Fwp%2Fv2%2Fmedia&parent=3311"}],"wp:term":[{"taxonomy":"category","embeddable":true,"href":"https:\/\/www.friedensplattform.at\/index.php?rest_route=%2Fwp%2Fv2%2Fcategories&post=3311"},{"taxonomy":"post_tag","embeddable":true,"href":"https:\/\/www.friedensplattform.at\/index.php?rest_route=%2Fwp%2Fv2%2Ftags&post=3311"}],"curies":[{"name":"wp","href":"https:\/\/api.w.org\/{rel}","templated":true}]}}