{"id":3317,"date":"2014-02-09T10:14:30","date_gmt":"2014-02-09T08:14:30","guid":{"rendered":"http:\/\/www.luxorbis.org\/friedensplattform.at\/?p=3317"},"modified":"2014-02-09T10:14:30","modified_gmt":"2014-02-09T08:14:30","slug":"unterstuetzung-fuer-tobias-pflueger","status":"publish","type":"post","link":"https:\/\/www.friedensplattform.at\/?p=3317","title":{"rendered":"Unterst&#252;tzung f&#252;r Tobias Pfl&#252;ger"},"content":{"rendered":"<div id=\"ID_Date\"><a href=\"http:\/\/www.jungewelt.de\/2014\/02-01\/index.php\"><\/a><\/div>\n<h3 class=\"Content\">\n<h2>\u00bbFrieden in das Europaparlament\u00ab \u2013 Appell aus der Friedensbewegung  an die Delegierten des Bundesparteitages der Partei Die Linke Mitte  Februar in Hamburg:<!--more--><\/h2>\n<p>Wir, Aktive aus verschiedenen Teilen der Antikriegs- und  Friedensbewegung, unterst\u00fctzen die Kandidatur von Tobias Pfl\u00fcger f\u00fcr das  Europaparlament. Sein Platz auf der Liste der Linken macht f\u00fcr uns  deutlich, wof\u00fcr Die Linke in Europa steht.<\/p>\n<p>Wir kennen Tobias aus den Aktivit\u00e4ten der Antikriegs- und  Friedensbewegung wie auch der Solidarit\u00e4t f\u00fcr abh\u00e4ngig Besch\u00e4ftigte und  Fl\u00fcchtlinge.Wir kennen ihn vom j\u00e4hrlichen Protest gegen die sogenannte  Sicherheitskonferenz in M\u00fcnchen, aus den vielf\u00e4ltigen Aktionen gegen die  NATO-Kriegspolitik in ganz Europa, von den Protesten vor den Toren der  R\u00fcstungsschmieden und gegen die Drohnen. Er war mit uns bei den  Demonstrationen am Gefechts\u00fcbungszentrum in der Altmark und nat\u00fcrlich  bei den vielen Aktionen f\u00fcr den Abzug der Truppen aus dem Ausland,  insbesondere aus Afghanistan. Mit dem Blick f\u00fcr die Menschen war er  neben uns bei Arbeitsk\u00e4mpfen, in den Blockaden von Naziaufm\u00e4rschen und  bei dem Schutz von Fl\u00fcchtlingen.<\/p>\n<p>Wir sehen in Tobias einen engagierten Mitstreiter, der auch bei der  Bewertung komplizierter Gemengelagen wie in Syrien und Mali immer den  \u00dcberblick beh\u00e4lt und dabei nie die entscheidende Frage f\u00fcr jede Politik  aus dem Auge verliert: Cui bono? \u2013 Wem n\u00fctzt es?<\/p>\n<p>Besonders sein Engagement gegen die immer offensichtlicher werdende  Militarisierung der Europ\u00e4ischen Union ist f\u00fcr uns Anla\u00df, uns f\u00fcr seine  Kandidatur zu engagieren. Er w\u00fcrde \u2013 dies hat er in seiner ersten  Amtszeit in Br\u00fcssel bewiesen \u2013 diese Pl\u00e4ne kritisieren und ablehnen, sie  an die \u00d6ffentlichkeit bringen und helfen, Widerstand zu mobilisieren.  In der Europapolitik steht er f\u00fcr uns wie kein anderer f\u00fcr ein Europa  des Friedens und der Gerechtigkeit \u2013 gegen eine EU-Politik, die weltweit  \u00bbihre Ressourcen\u00ab kriegerisch sichern will.<\/p>\n<p>Tobias\u2019 Mitgliedschaft im Europaparlament w\u00e4re f\u00fcr uns ein Zeichen der  Hoffnung: da\u00df ein anderes Europa m\u00f6glich ist und da\u00df Die Linke daf\u00fcr  steht!<br \/>\n<em><br \/>\n<\/em><\/p>\n<h5><em>Unterst\u00fctzerunterschriften an: <a href=\"mailto:schaedel@dfg-vk.de\">schaedel@dfg-vk.de<\/a><\/em><\/h5>\n<\/h3>\n","protected":false},"excerpt":{"rendered":"<p>\u00bbFrieden in das Europaparlament\u00ab \u2013 Appell aus der Friedensbewegung an die Delegierten des Bundesparteitages der Partei Die Linke Mitte Februar in Hamburg:<\/p>\n","protected":false},"author":2,"featured_media":0,"comment_status":"open","ping_status":"open","sticky":false,"template":"","format":"standard","meta":{"footnotes":""},"categories":[3],"tags":[],"class_list":["post-3317","post","type-post","status-publish","format-standard","hentry","category-antimilitarismus"],"_links":{"self":[{"href":"https:\/\/www.friedensplattform.at\/index.php?rest_route=\/wp\/v2\/posts\/3317","targetHints":{"allow":["GET"]}}],"collection":[{"href":"https:\/\/www.friedensplattform.at\/index.php?rest_route=\/wp\/v2\/posts"}],"about":[{"href":"https:\/\/www.friedensplattform.at\/index.php?rest_route=\/wp\/v2\/types\/post"}],"author":[{"embeddable":true,"href":"https:\/\/www.friedensplattform.at\/index.php?rest_route=\/wp\/v2\/users\/2"}],"replies":[{"embeddable":true,"href":"https:\/\/www.friedensplattform.at\/index.php?rest_route=%2Fwp%2Fv2%2Fcomments&post=3317"}],"version-history":[{"count":0,"href":"https:\/\/www.friedensplattform.at\/index.php?rest_route=\/wp\/v2\/posts\/3317\/revisions"}],"wp:attachment":[{"href":"https:\/\/www.friedensplattform.at\/index.php?rest_route=%2Fwp%2Fv2%2Fmedia&parent=3317"}],"wp:term":[{"taxonomy":"category","embeddable":true,"href":"https:\/\/www.friedensplattform.at\/index.php?rest_route=%2Fwp%2Fv2%2Fcategories&post=3317"},{"taxonomy":"post_tag","embeddable":true,"href":"https:\/\/www.friedensplattform.at\/index.php?rest_route=%2Fwp%2Fv2%2Ftags&post=3317"}],"curies":[{"name":"wp","href":"https:\/\/api.w.org\/{rel}","templated":true}]}}