{"id":3329,"date":"2014-02-12T09:55:59","date_gmt":"2014-02-12T07:55:59","guid":{"rendered":"http:\/\/www.luxorbis.org\/friedensplattform.at\/?p=3329"},"modified":"2014-02-12T09:55:59","modified_gmt":"2014-02-12T07:55:59","slug":"proklamation-der-arbeiter-und-buerger-von-tuzla","status":"publish","type":"post","link":"https:\/\/www.friedensplattform.at\/?p=3329","title":{"rendered":"Proklamation der Arbeiter und B&#252;rger von Tuzla"},"content":{"rendered":"<p class=\"MsoNormal\"><strong><span style=\"font-family: &quot;Arial&quot;,&quot;sans-serif&quot;;\"><\/span><\/strong><\/p>\n<p class=\"MsoNormal\"><span style=\"font-family: &quot;Arial&quot;,&quot;sans-serif&quot;;\">7. Februar 2014<\/span><\/p>\n<p class=\"MsoNormal\"><span style=\"font-family: &quot;Arial&quot;,&quot;sans-serif&quot;;\">Heute  wird in Tuzla eine neue Zukunft geschaffen! Die Regierung [des Kantons  Tuzla] ist zur\u00fcckgetreten, das war die erste Forderungen der  Demonstrierenden, damit sind die Bedingungen f\u00fcr die L\u00f6sung der  bestehenden Probleme und f\u00fcr die Erf\u00fcllung der \u00fcbrigen Forderungen der  Arbeiter geschaffen.<\/span><\/p>\n<p class=\"MsoNormal\"><span style=\"font-family: &quot;Arial&quot;,&quot;sans-serif&quot;;\"><!--more--><br \/>\n<\/span><\/p>\n<p class=\"MsoNormal\"><span style=\"font-family: &quot;Arial&quot;,&quot;sans-serif&quot;;\"><br \/>\n<\/span><\/p>\n<p class=\"MsoNormal\"><span style=\"font-family: &quot;Arial&quot;,&quot;sans-serif&quot;;\">\u00c4rger  und Wut sind die Gr\u00fcnde f\u00fcr das gewaltsame Verhalten. Die Haltung der  Beh\u00f6rden hat dazu gef\u00fchrt, dass die Situation in Tuzla eskaliert ist.  Jetzt haben wir in dieser Situation den \u00c4rger und die Wut auf den Aufbau  eines produktiven und n\u00fctzlichen Regierungssystems zu richten.<\/span><\/p>\n<p class=\"MsoNormal\"><span style=\"font-family: &quot;Arial&quot;,&quot;sans-serif&quot;;\">Wir rufen alle B\u00fcrger zur Unterst\u00fctzung der Umsetzung der folgenden Forderungen auf:<\/span><\/p>\n<p class=\"MsoNormal\"><span style=\"font-family: &quot;Arial&quot;,&quot;sans-serif&quot;;\">1.  Aufrechterhaltung der \u00f6ffentlichen Ordnung durch Zusammenarbeit von  B\u00fcrgern, Polizei und Zivilschutz, um jede Form von Kriminalisierung,  Politisierung und Manipulation von irgendwelchen Protesten zu  verhindern.<\/span><\/p>\n<p class=\"MsoNormal\"><span style=\"font-family: &quot;Arial&quot;,&quot;sans-serif&quot;;\">2.  Bildung einer technischen Regierung aus Professionellen, die keine  Parteimitglieder sind, die nicht vorbelastet sind, die kein einziges  Mandat auf keiner Regierungsebene gehabt haben; diese Regierung soll den  Kanton Tuzla bis zur Wahl in diesem Jahr f\u00fchren. Diese Regierung wird  verpflichtet sein, w\u00f6chentlich Pl\u00e4ne und Berichte \u00fcber die Aktivit\u00e4ten  und das Erreichen der Ziele vorzulegen. Die Arbeit der Regierung wird  von allen interessierten B\u00fcrgern beobachtet werden.<\/span><\/p>\n<p class=\"MsoNormal\"><span style=\"font-family: &quot;Arial&quot;,&quot;sans-serif&quot;;\">3.  Durch Notma\u00dfnahmen werden die Fragen der Regelm\u00e4\u00dfigkeit der  Privatisierung der folgenden Firmen gel\u00f6st: Dita, Polihem, Poliolhem,  GUMARA und Konjuh; ferner<br \/>\n* wird die L\u00e4nge der Besch\u00e4ftigung der der Gesundheitsversorgung der Arbeiter festegelegt;<br \/>\n* werden die Wirtschaftskriminellen und alle Beteiligten zur Rechenschaft gezogen;<br \/>\n* wird illegal erworbenes Verm\u00f6gen eingezogen;<br \/>\n* werden die Privatisierungsvertr\u00e4ge annulliert;<br \/>\n* werden die Privatisierungen \u00fcberpr\u00fcft;<br \/>\n*  werden die Fabriken an die Arbeiter zur\u00fcckgegeben und unter die  Kontrolle der \u00f6ffentlichen Beh\u00f6rden gestellt, damit das \u00f6ffentliche  Interesse gewahrt ist, und wird in den Fabriken, wo es m\u00f6glich ist, die  Produktion aufgenommen.<\/span><\/p>\n<p class=\"MsoNormal\"><span style=\"font-family: &quot;Arial&quot;,&quot;sans-serif&quot;;\">5. Die Geh\u00e4lter von Regierungsvertretern richten sich nach den Geh\u00e4ltern der Besch\u00e4ftigten im \u00f6ffentlichen und privaten Sektor.<\/span><\/p>\n<p class=\"MsoNormal\"><span style=\"font-family: &quot;Arial&quot;,&quot;sans-serif&quot;;\">6.  Streichung der zus\u00e4tzlichen Zahlungen an die Regierungsvertreter als  pers\u00f6nliche Bez\u00fcge auf der Grundlage der Teilnahme an Aussch\u00fcssen,  Komitees und anderen Gremien sowie weiteren ungerechtfertigten  Kompensationen, die Besch\u00e4ftigte im \u00f6ffentlichen und im privaten Sektor  nicht beziehen.<\/span><\/p>\n<p class=\"MsoNormal\"><span style=\"font-family: &quot;Arial&quot;,&quot;sans-serif&quot;;\">7.  Streichung von Geh\u00e4ltern von Ministern und m\u00f6glicherweise anderen  Regierungsbeamten, die nach dem Ende ihres Mandats weiter Geh\u00e4lter  beziehen.<\/span><\/p>\n<p class=\"MsoNormal\"><span style=\"font-family: &quot;Arial&quot;,&quot;sans-serif&quot;;\">Diese Proklamation wird von den Arbeitern und B\u00fcrgern des Kantons Tuzla f\u00fcr das Wohlergehen von uns allen verabschiedet.<\/span><\/p>\n<p class=\"MsoNormal\"><span style=\"font-size: 11.0pt; font-family: &quot;Calibri&quot;,&quot;sans-serif&quot;; color: #1f497d;\"> <\/span><\/p>\n<p class=\"MsoNormal\"><span style=\"font-size: 11.0pt; font-family: &quot;Calibri&quot;,&quot;sans-serif&quot;; color: #1f497d;\"> <\/span><\/p>\n<p><span style=\"font-size: 11.0pt; font-family: &quot;Calibri&quot;,&quot;sans-serif&quot;;\">PROCLAMATION<\/p>\n<p>7th February of 2014.<\/p>\n<p>Today  in Tuzla a new future is created! The government has submitted his  resignation, which was the first demand of the demonstrators and thus  creates conditions for further solving of the existing problems and the  fulfillment of the rest of the workers&#8216; demands.<\/p>\n<p>Accumulated  anger and rage are causes of the violent behavior. The attitude of the  authorities has led to the fact that the situation in Tuzla escalated.  Now, in this new situation, we have to focus this anger and rage on  building a productive and useful system of government.<\/p>\n<p>We invite all citizens to support the implementation of these demands:<\/p>\n<p>1.  Maintaining public order in cooperation of citizens, police and the  civil protection, to avoid any criminalization, politicization and  manipulation of any protests.<br \/>\n2. Establishing a technical  government, made \u200b\u200bup of professional, non-political party members,  uncompromised people, who have not had a single mandate in any level of  government, which would lead the Tuzla canton to the election of 2014.  This Government shall have the duty to submit weekly plans and reports  on the activities and achieve the given objectives. Work of the  Government will be monitored by all interested citizens.<br \/>\n3. Resolve,  by emergency procedure, the questions of regularity of the  privatization of the following companies: &#8222;Dita&#8220;, &#8222;Polihem&#8220;,  &#8222;Poliolhem&#8220;, &#8222;GUMARA&#8220; and &#8222;Konjuh&#8220;, and:<br \/>\n\u25e6 bind the length of service and ensure health care for the workers;<br \/>\n\u25e6 prosecute the economic criminals and all the actors who participated in it;<br \/>\n\u25e6 seize illegally acquired assets;<br \/>\n\u25e6 annul the privatization contracts;<br \/>\n\u25e6 do a revision of privatization;<br \/>\n\u25e6  return the factories to the workers and place them under the control of  public authorities in order to safeguard the public interest, and start  production in those factories where possible.<br \/>\n5. Balancing the salaries of government representatives to the salaries of employees in the public and private sectors.<br \/>\n6.  Cancellation of additional payments to the representatives of  government, as personal income, on the basis of participation in  commissions, committees and other bodies, as well as other unreasonable  and unjustified compensations that workers in the public and private  sectors don&#8217;t have.<br \/>\n7. The abolition of wage to ministers and  possibly other government officials, who are getting wage payments after  the expiration or termination of their mandate.<\/p>\n<p>This Proclamation is brought by the workers and citizens of Tuzla Canton , for the good of us all. <\/span><\/p>\n","protected":false},"excerpt":{"rendered":"<p>7. Februar 2014 Heute wird in Tuzla eine neue Zukunft geschaffen! Die Regierung [des Kantons Tuzla] ist zur\u00fcckgetreten, das war die erste Forderungen der Demonstrierenden, damit sind die Bedingungen f\u00fcr die L\u00f6sung der bestehenden Probleme und f\u00fcr die Erf\u00fcllung der \u00fcbrigen Forderungen der Arbeiter geschaffen.<\/p>\n","protected":false},"author":3,"featured_media":0,"comment_status":"open","ping_status":"open","sticky":false,"template":"","format":"standard","meta":{"footnotes":""},"categories":[1,6],"tags":[],"class_list":["post-3329","post","type-post","status-publish","format-standard","hentry","category-allgemein","category-arbeiterinnenbewegung"],"_links":{"self":[{"href":"https:\/\/www.friedensplattform.at\/index.php?rest_route=\/wp\/v2\/posts\/3329","targetHints":{"allow":["GET"]}}],"collection":[{"href":"https:\/\/www.friedensplattform.at\/index.php?rest_route=\/wp\/v2\/posts"}],"about":[{"href":"https:\/\/www.friedensplattform.at\/index.php?rest_route=\/wp\/v2\/types\/post"}],"author":[{"embeddable":true,"href":"https:\/\/www.friedensplattform.at\/index.php?rest_route=\/wp\/v2\/users\/3"}],"replies":[{"embeddable":true,"href":"https:\/\/www.friedensplattform.at\/index.php?rest_route=%2Fwp%2Fv2%2Fcomments&post=3329"}],"version-history":[{"count":0,"href":"https:\/\/www.friedensplattform.at\/index.php?rest_route=\/wp\/v2\/posts\/3329\/revisions"}],"wp:attachment":[{"href":"https:\/\/www.friedensplattform.at\/index.php?rest_route=%2Fwp%2Fv2%2Fmedia&parent=3329"}],"wp:term":[{"taxonomy":"category","embeddable":true,"href":"https:\/\/www.friedensplattform.at\/index.php?rest_route=%2Fwp%2Fv2%2Fcategories&post=3329"},{"taxonomy":"post_tag","embeddable":true,"href":"https:\/\/www.friedensplattform.at\/index.php?rest_route=%2Fwp%2Fv2%2Ftags&post=3329"}],"curies":[{"name":"wp","href":"https:\/\/api.w.org\/{rel}","templated":true}]}}