{"id":334,"date":"2008-06-22T22:12:20","date_gmt":"2008-06-22T20:12:20","guid":{"rendered":"http:\/\/www.luxorbis.org\/friedensplattform.at\/?p=334"},"modified":"2008-06-22T22:12:20","modified_gmt":"2008-06-22T20:12:20","slug":"infofolder-malmo","status":"publish","type":"post","link":"https:\/\/www.friedensplattform.at\/?p=334","title":{"rendered":"Infofolder Malm&#246;"},"content":{"rendered":"<p>Hier k\u00f6nnt Ihr einen Infofolder zum heurigen ESF, welches vom 17. -21. September 2008 in Malm\u00f6 stattfindet, herunterladen:<\/p>\n<p><a href=\"http:\/\/www.luxorbis.org\/friedensplattform.at\/wp-content\/uploads\/2008\/06\/malmo.pdf\" title=\"Infofolder_Malm\u00f6\">Infofolder_Malm\u00f6<\/a><\/p>\n","protected":false},"excerpt":{"rendered":"<p>Hier k\u00f6nnt Ihr einen Infofolder zum heurigen ESF, welches vom 17. -21. September 2008 in Malm\u00f6 stattfindet, herunterladen: Infofolder_Malm\u00f6<\/p>\n","protected":false},"author":1,"featured_media":0,"comment_status":"open","ping_status":"open","sticky":false,"template":"","format":"standard","meta":{"footnotes":""},"categories":[7],"tags":[],"class_list":["post-334","post","type-post","status-publish","format-standard","hentry","category-asf-bewegung"],"_links":{"self":[{"href":"https:\/\/www.friedensplattform.at\/index.php?rest_route=\/wp\/v2\/posts\/334","targetHints":{"allow":["GET"]}}],"collection":[{"href":"https:\/\/www.friedensplattform.at\/index.php?rest_route=\/wp\/v2\/posts"}],"about":[{"href":"https:\/\/www.friedensplattform.at\/index.php?rest_route=\/wp\/v2\/types\/post"}],"author":[{"embeddable":true,"href":"https:\/\/www.friedensplattform.at\/index.php?rest_route=\/wp\/v2\/users\/1"}],"replies":[{"embeddable":true,"href":"https:\/\/www.friedensplattform.at\/index.php?rest_route=%2Fwp%2Fv2%2Fcomments&post=334"}],"version-history":[{"count":0,"href":"https:\/\/www.friedensplattform.at\/index.php?rest_route=\/wp\/v2\/posts\/334\/revisions"}],"wp:attachment":[{"href":"https:\/\/www.friedensplattform.at\/index.php?rest_route=%2Fwp%2Fv2%2Fmedia&parent=334"}],"wp:term":[{"taxonomy":"category","embeddable":true,"href":"https:\/\/www.friedensplattform.at\/index.php?rest_route=%2Fwp%2Fv2%2Fcategories&post=334"},{"taxonomy":"post_tag","embeddable":true,"href":"https:\/\/www.friedensplattform.at\/index.php?rest_route=%2Fwp%2Fv2%2Ftags&post=334"}],"curies":[{"name":"wp","href":"https:\/\/api.w.org\/{rel}","templated":true}]}}