{"id":3342,"date":"2014-03-05T18:50:45","date_gmt":"2014-03-05T16:50:45","guid":{"rendered":"http:\/\/www.luxorbis.org\/friedensplattform.at\/?p=3342"},"modified":"2014-03-05T18:50:45","modified_gmt":"2014-03-05T16:50:45","slug":"informations-u-diskussionsveranstaltung-zu-quo-vadis-ukraine","status":"publish","type":"post","link":"https:\/\/www.friedensplattform.at\/?p=3342","title":{"rendered":"Informations- u. Diskussionsveranstaltung zu  Quo vadis UKRAINE ?"},"content":{"rendered":"<h3 class=\"western\" style=\"text-align: center;\"><big><big><span style=\"color: #0000ff;\"><span style=\"font-family: Arial,sans-serif;\">Mittwoch 12. M\u00e4rz 2014<small><small>, <\/small><\/small><\/span><\/span> <span style=\"color: #0000ff;\"><span style=\"font-family: Arial,sans-serif;\">um 19 Uhr<\/span><\/span> <span style=\"color: #0000ff;\"><span style=\"font-family: Arial,sans-serif;\">im<\/span><\/span><span style=\"color: #0000ff;\"><span style=\"font-family: Arial,sans-serif;\"><span> Universit\u00e4tszentrum Wall<\/span><\/span><\/span><span style=\"color: #0000ff;\"><span style=\"font-family: Arial,sans-serif;\">, Merangasse 70<\/span><\/span> <span style=\"color: #0000ff;\"><span style=\"font-family: Arial,sans-serif;\">Raum: 1.104 (im 1. Stock)<\/span><\/span><\/big><\/big> <span style=\"font-family: Arial,sans-serif;\"><span style=\"font-size: x-small;\">Einleitungsreferate von:<\/span><\/span> <span style=\"color: #23ff23;\"> <\/span><span style=\"color: #00ae00;\"> <big> <\/big><\/span><big><span style=\"font-size: x-small;\"><big><span style=\"color: #00ae00;\"><span style=\"font-family: Arial,sans-serif;\"><em><strong>Harald Fleischmann<\/strong><\/em><\/span><\/span><span style=\"color: #00ae00;\"><span style=\"font-family: Arial,sans-serif;\"><strong> (Institut f\u00fcr Translationswissenschaften Graz)<\/strong><\/span><\/span><\/big><\/span> <span style=\"color: #00ae00;\"> <span style=\"font-size: x-small;\"><big><span style=\"font-family: Arial,sans-serif;\"><em><strong>Heinrich Pfandl<\/strong><\/em><\/span><strong> <\/strong><span style=\"font-family: Arial,sans-serif;\"><strong>(Institut f\u00fcr Slawistik Graz)<\/strong><\/span><\/big><\/span><\/span><\/big><\/h3>\n<div>\n<pre class=\"western\"><big><big><span style=\"font-family: Arial,sans-serif;\"><span style=\"font-size: xx-small;\"><big><big>( Einleitung u. Diskussionsleitung: Johann Sch\u00f6gler; Steir. Friedensplattform)\n\n<a href=\"http:\/\/www.luxorbis.org\/friedensplattform.at\/wp-content\/uploads\/2014\/03\/Flugblatt_Ukraine_VarHar_neben.pdf\">Flugblatt_Ukraine_VarHar_neben<\/a><\/big><\/big><\/span><\/span><\/big><\/big><\/pre>\n<\/div>\n","protected":false},"excerpt":{"rendered":"<p>Mittwoch 12. M\u00e4rz 2014, um 19 Uhr im Universit\u00e4tszentrum Wall, Merangasse 70 Raum: 1.104 (im 1. Stock) Einleitungsreferate von: Harald Fleischmann (Institut f\u00fcr Translationswissenschaften Graz) Heinrich Pfandl (Institut f\u00fcr Slawistik Graz) ( Einleitung u. Diskussionsleitung: Johann Sch\u00f6gler; Steir. Friedensplattform) Flugblatt_Ukraine_VarHar_neben<\/p>\n","protected":false},"author":2,"featured_media":0,"comment_status":"open","ping_status":"open","sticky":false,"template":"","format":"standard","meta":{"footnotes":""},"categories":[1],"tags":[],"class_list":["post-3342","post","type-post","status-publish","format-standard","hentry","category-allgemein"],"_links":{"self":[{"href":"https:\/\/www.friedensplattform.at\/index.php?rest_route=\/wp\/v2\/posts\/3342","targetHints":{"allow":["GET"]}}],"collection":[{"href":"https:\/\/www.friedensplattform.at\/index.php?rest_route=\/wp\/v2\/posts"}],"about":[{"href":"https:\/\/www.friedensplattform.at\/index.php?rest_route=\/wp\/v2\/types\/post"}],"author":[{"embeddable":true,"href":"https:\/\/www.friedensplattform.at\/index.php?rest_route=\/wp\/v2\/users\/2"}],"replies":[{"embeddable":true,"href":"https:\/\/www.friedensplattform.at\/index.php?rest_route=%2Fwp%2Fv2%2Fcomments&post=3342"}],"version-history":[{"count":0,"href":"https:\/\/www.friedensplattform.at\/index.php?rest_route=\/wp\/v2\/posts\/3342\/revisions"}],"wp:attachment":[{"href":"https:\/\/www.friedensplattform.at\/index.php?rest_route=%2Fwp%2Fv2%2Fmedia&parent=3342"}],"wp:term":[{"taxonomy":"category","embeddable":true,"href":"https:\/\/www.friedensplattform.at\/index.php?rest_route=%2Fwp%2Fv2%2Fcategories&post=3342"},{"taxonomy":"post_tag","embeddable":true,"href":"https:\/\/www.friedensplattform.at\/index.php?rest_route=%2Fwp%2Fv2%2Ftags&post=3342"}],"curies":[{"name":"wp","href":"https:\/\/api.w.org\/{rel}","templated":true}]}}