{"id":3365,"date":"2014-03-31T07:53:15","date_gmt":"2014-03-31T05:53:15","guid":{"rendered":"http:\/\/www.luxorbis.org\/friedensplattform.at\/?p=3365"},"modified":"2014-03-31T07:53:15","modified_gmt":"2014-03-31T05:53:15","slug":"jarmouk-die-erde-ist-zu-eng-fuer-palaestinensische-fluechtlinge","status":"publish","type":"post","link":"https:\/\/www.friedensplattform.at\/?p=3365","title":{"rendered":"Jarmouk &#8211; Die Erde ist zu eng f&#252;r pal&#228;stinensische Fl&#252;chtlinge"},"content":{"rendered":"<p><span style=\"margin: 0px; padding: 0px; display: block; background: none repeat scroll 0% 0% #ffffff;\"><\/p>\n<p style=\"font-family: 'Arial'; font-size: 14px; color: #333333!important; background-color: transparent; border: 0px none; line-height: 1.5em; margin: 0px 0px 1em; padding: 3px 0px 0px; vertical-align: top; word-wrap: break-word;\">Im Fl\u00fcchtlingslager  Jarmouk, einem Stadtteil von Damaskus, erleben die pal\u00e4stinensischen  Bewohner ihr Schicksal wiederholt. Sie begegnen uns in den Fernsehbildern ausgehungert und dem Sterben nah in den Tr\u00fcmmern  ihrer einstigen H\u00e4user im syrischen Exil. Doch Wunsch und Wille zur R\u00fcckkehr nach Pal\u00e4stina tr\u00e4gt sie \u00fcber das Elend hinweg.<\/p>\n<p style=\"font-family: 'Arial'; font-size: 14px; color: #333333!important; background-color: transparent; border: 0px none; line-height: 1.5em; margin: 0px 0px 1em; padding: 3px 0px 0px; vertical-align: top; word-wrap: break-word;\"><a style=\"font-family: 'Arial'; font-size: 14px; color: #c10000!important; background-color: transparent; text-decoration: none; border: 0px none;\" href=\"http:\/\/www.migazin.de\/?email_id=315&amp;user_id=2639&amp;urlpassed=aHR0cDovL3d3dy5taWdhemluLmRlLzIwMTQvMDMvMjcvamFybW91ay1kaWUtZXJkZS1mbHVlY2h0bGluZ2Uv&amp;controller=stats&amp;action=analyse&amp;wysija-page=1&amp;wysijap=subscriptions\" target=\"_blank\">&#8230; weiterlesen auf MiGAZIN.<\/a><\/p>\n<p style=\"font-family: 'Arial'; font-size: 14px; color: #333333!important; background-color: transparent; border: 0px none; line-height: 1.5em; margin: 0px 0px 1em; padding: 3px 0px 0px; vertical-align: top; word-wrap: break-word;\"><!--more--><\/p>\n<p><\/span><\/p>\n","protected":false},"excerpt":{"rendered":"<p>Im Fl\u00fcchtlingslager Jarmouk, einem Stadtteil von Damaskus, erleben die pal\u00e4stinensischen Bewohner ihr Schicksal wiederholt. Sie begegnen uns in den Fernsehbildern ausgehungert und dem Sterben nah in den Tr\u00fcmmern ihrer einstigen H\u00e4user im syrischen Exil. Doch Wunsch und Wille zur R\u00fcckkehr nach Pal\u00e4stina tr\u00e4gt sie \u00fcber das Elend hinweg. &#8230; weiterlesen auf MiGAZIN.<\/p>\n","protected":false},"author":3,"featured_media":0,"comment_status":"open","ping_status":"open","sticky":false,"template":"","format":"standard","meta":{"footnotes":""},"categories":[5,18],"tags":[],"class_list":["post-3365","post","type-post","status-publish","format-standard","hentry","category-arabischer-raum","category-palaestina-solidaritaet"],"_links":{"self":[{"href":"https:\/\/www.friedensplattform.at\/index.php?rest_route=\/wp\/v2\/posts\/3365","targetHints":{"allow":["GET"]}}],"collection":[{"href":"https:\/\/www.friedensplattform.at\/index.php?rest_route=\/wp\/v2\/posts"}],"about":[{"href":"https:\/\/www.friedensplattform.at\/index.php?rest_route=\/wp\/v2\/types\/post"}],"author":[{"embeddable":true,"href":"https:\/\/www.friedensplattform.at\/index.php?rest_route=\/wp\/v2\/users\/3"}],"replies":[{"embeddable":true,"href":"https:\/\/www.friedensplattform.at\/index.php?rest_route=%2Fwp%2Fv2%2Fcomments&post=3365"}],"version-history":[{"count":0,"href":"https:\/\/www.friedensplattform.at\/index.php?rest_route=\/wp\/v2\/posts\/3365\/revisions"}],"wp:attachment":[{"href":"https:\/\/www.friedensplattform.at\/index.php?rest_route=%2Fwp%2Fv2%2Fmedia&parent=3365"}],"wp:term":[{"taxonomy":"category","embeddable":true,"href":"https:\/\/www.friedensplattform.at\/index.php?rest_route=%2Fwp%2Fv2%2Fcategories&post=3365"},{"taxonomy":"post_tag","embeddable":true,"href":"https:\/\/www.friedensplattform.at\/index.php?rest_route=%2Fwp%2Fv2%2Ftags&post=3365"}],"curies":[{"name":"wp","href":"https:\/\/api.w.org\/{rel}","templated":true}]}}