{"id":3367,"date":"2014-04-14T06:51:05","date_gmt":"2014-04-14T04:51:05","guid":{"rendered":"http:\/\/www.luxorbis.org\/friedensplattform.at\/?p=3367"},"modified":"2014-04-14T06:51:05","modified_gmt":"2014-04-14T04:51:05","slug":"buchrezension-zu-h-abdel-samad-islamischer-faschismus","status":"publish","type":"post","link":"https:\/\/www.friedensplattform.at\/?p=3367","title":{"rendered":"Buchrezension zu H Abdel-Samad &quot;Islamischer Faschismus&quot;"},"content":{"rendered":"<p class=\"MsoNormal\"><span style=\"font-family: Arial; color: maroon; font-size: x-small;\"><span style=\"font-size: 10.0pt; font-family: Arial; color: maroon;\">Der Autor \u00fcbernimmt den Kampfbegriff &#8222;islamischer Faschismus&#8220;, den neokonservative und islamophobe Autoren im Dunstkreis der Neokonservativen in den USA kreiert haben, um nicht nur eine m\u00e4chtige politisch-religi\u00f6se Str\u00f6mung zu diskreditieren, sondern den Islam in G\u00e4nze.<\/span><\/span><\/p>\n<p class=\"MsoNormal\"><!--more--><\/p>\n<p class=\"MsoNormal\"><span style=\"font-family: Arial; font-size: x-small;\"><span style=\"font-size: 10.0pt; font-family: Arial;\"><a href=\"http:\/\/between-the-lines-ludwig-watzal.blogspot.de\/2014\/04\/der-islamische-faschismus.html\" target=\"_blank\">http:\/\/between-the-lines-ludwig-watzal.blogspot.de\/2014\/04\/der-islamische-faschismus.html<\/a><\/span><\/span><\/p>\n<h2 style=\"margin: 0cm; margin-bottom: .0001pt;\"><strong><span style=\"font-family: Arial; font-size: x-small;\"><span style=\"font-size: 10.0pt; font-family: Arial; font-weight: normal;\">Freitag, 4. April 2014<\/span><\/span><\/strong><\/h2>\n<h3 style=\"margin: 0cm; margin-bottom: .0001pt;\"><a name=\"145319d452aa157f_4730720390423697967\"><\/a><strong><span style=\"font-family: Arial; font-size: x-small;\"><span style=\"font-size: 10.0pt; font-family: Arial;\">Der islamische Faschismus <\/span><\/span><\/strong><\/h3>\n<p class=\"MsoNormal\"><span style=\"font-family: Arial; font-size: x-small;\"><span style=\"font-size: 10.0pt; font-family: Arial;\"><a style=\"float: left;\" href=\"http:\/\/4.bp.blogspot.com\/-SQLVor5W3ZI\/Uz8GqR7VXtI\/AAAAAAAACIY\/zsehoMv8heg\/s1600\/Hamad_Cover.jpg\" target=\"_blank\"><span style=\"text-decoration: none;\"><img loading=\"lazy\" decoding=\"async\" src=\"https:\/\/mail.google.com\/mail\/u\/0\/?ui=2&amp;ik=05bf934847&amp;view=att&amp;th=145319d452aa157f&amp;attid=0.1&amp;disp=emb&amp;zw&amp;atsh=1\" border=\"0\" alt=\"\" width=\"69\" height=\"117\" \/><\/span><\/a><\/span><\/span><\/p>\n<p class=\"MsoNormal\" style=\"text-align: justify;\"><span style=\"font-family: Arial; font-size: x-small;\"><span style=\"font-size: 10.0pt; font-family: Arial;\">Der Deutsch-\u00c4gypter Hamed Abdel-Samad vertritt in seinem neusten Buch \u00e4u\u00dferst provokante anti-islamische Thesen. So habe \u201efaschistoides Gedankengut nicht erst mit dem Aufstieg der Muslimbr\u00fcder Eingang in den Islam gefunden\u201c, sondern dieses liege bereits \u201ein der Urgeschichte des Islam begr\u00fcndet\u201c. F\u00fcr den Autor begann bereits alles mit dem Propheten. Der Islam habe die \u201ereligi\u00f6se Vielfalt auf der arabischen Halbinsel beendet\u201c, verlange von seinen Anh\u00e4ngern absoluten Gehorsam, dulde keine andere Meinung und strebe nach Weltherrschaft, so der Autor weiter. Diese Geisteshaltung \u00fcberlagere alle anderen Aspekte dieser Religion, folglich k\u00f6nne man von \u201eIslamofaschismus\u201c sprechen.<\/span><\/span><\/p>\n<p class=\"MsoNormal\" style=\"text-align: justify;\"><span style=\"font-family: Arial; font-size: x-small;\"><span style=\"font-size: 10.0pt; font-family: Arial;\"> <\/span><\/span><\/p>\n<p class=\"MsoNormal\" style=\"text-align: justify;\"><span style=\"font-family: Arial; color: maroon; font-size: x-small;\"><span style=\"font-size: 10.0pt; font-family: Arial; color: maroon;\">Der Autor \u00fcbernimmt diesen Kampfbegriff, den neokonservative und islamophobe Autoren im Dunstkreis der Neokonservativen in den USA kreiert haben, um nicht nur eine m\u00e4chtige politisch-religi\u00f6se Str\u00f6mung zu diskreditieren, sondern den Islam in G\u00e4nze.<\/span><\/span><span style=\"font-family: Arial; font-size: x-small;\"><span style=\"font-size: 10.0pt; font-family: Arial;\"> Von der Springer-Presse und den Antideutschen wurde dieser Kampfbegriff sofort aufgegriffen und popularisiert. Der Islam ist nicht aggressiver als andere Religionen auch. Faschistisch wird er dort, wo er vom Wahabismus, der extremistischen Staatsreligion Saudi-Arabiens infiziert ist. Salafisten und Dschihadisten sind die Wiederg\u00e4nger dieser wahabitischen Ideologie. Beide Gruppen \u201everteufeln eine zeitgem\u00e4\u00dfe Interpretation der Texte, denn die Gebote Gottes d\u00fcrfe der Mensch nicht umdeuten\u201c. Die Diktatur der Al-Saud ist ein enger Verb\u00fcndeter und Freund der USA. Liegen nicht dort die wirklichen Wurzeln des \u201eIslamofaschismus\u201c? <\/span><\/span><\/p>\n<p class=\"MsoNormal\" style=\"text-align: justify;\"><span style=\"font-family: Arial; font-size: x-small;\"><span style=\"font-size: 10.0pt; font-family: Arial;\"> <\/span><\/span><\/p>\n<p class=\"MsoNormal\" style=\"text-align: justify;\"><span style=\"font-family: Arial; color: maroon; font-size: x-small;\"><span style=\"font-size: 10.0pt; font-family: Arial; color: maroon;\">Abdel-Samad leistet f\u00fcr den deutschsprachigen Raum in dieser Beziehung ganze Arbeit. Er popularisiert eine Karikatur des Islam und des Islamismus und verst\u00e4rkt damit die Ressentiments gegen diese Religion im deutschsprachigen Raum<\/span><\/span><strong><span style=\"font-family: Arial; font-size: x-small;\"><span style=\"font-size: 10.0pt; font-family: Arial; font-weight: bold;\">. Die abgestandene These vom \u201eIslamofaschismus\u201c erfasst aber nicht das Wesentliche der politisch-ideologischen Str\u00f6mungen in der islamischen Welt, sondern tr\u00e4gt nur zu einer Verharmlosung und Relativierung der Massenverbrechen im Europa des 20. Jahrhunderts durch den Faschismus bei.<\/span><\/span><\/strong><span style=\"font-family: Arial; font-size: x-small;\"><span style=\"font-size: 10.0pt; font-family: Arial;\"> Was bringt es an Erkenntnisgewinn, wenn er die \u00c4hnlichkeiten aufz\u00e4hlt, die es in Teilen tats\u00e4chlich gibt? War nicht Winston Churchill auch ein Bewunderer Hitlers und Mussolinis, bis er deren teuflisches Wesen und Taten durchschaut hat? Waren nicht die revisionistischen Zionisten vom italienischen Faschismus begeistert? <\/span><\/span><\/p>\n<p class=\"MsoNormal\" style=\"text-align: justify;\"><span style=\"font-family: Arial; font-size: x-small;\"><span style=\"font-size: 10.0pt; font-family: Arial;\"> <\/span><\/span><\/p>\n<p class=\"MsoNormal\" style=\"text-align: justify;\"><span style=\"font-family: Arial; font-size: x-small;\"><span style=\"font-size: 10.0pt; font-family: Arial;\">Das Buch ist seiner Mutter gewidmet, die Hamed den Rat gab, es nicht zu ver\u00f6ffentlichen. Nachdem der Autor seine anti-islamischen Thesen Anfang Juni 2013 in Kairo vorgetragen hatte, erhielt er Morddrohungen. Im November 2013 wurde gar seine \u201eEntf\u00fchrung\u201c gemeldet. So schnell er verschwunden war, so schnell tauchte er jedoch wieder auf. Einem gr\u00f6\u00dferen Kreis wurde Abdel-Samad durch eine skurrile \u201eDeutschland-Safari\u201c bekannt, die er mit Henryk M. Broder und dessen Hund Wilma auf Kosten des Geb\u00fchrenzahlers gemacht hat. Auch auf der darauffolgenden \u201eEuropa-Safari\u201c spielte Hamad Broders folgsamen Diener. Zu einer &#8222;<a href=\"http:\/\/between-the-lines-ludwig-watzal.blogspot.de\/2011\/08\/auf-zur-gaza-safari.html\" target=\"_blank\">Gaza-Safari<\/a>&#8220; wollten die beiden dann doch nicht mehr aufbrechen.<\/span><\/span><\/p>\n<p class=\"MsoNormal\" style=\"text-align: justify;\"><span style=\"font-family: Arial; font-size: x-small;\"><span style=\"font-size: 10.0pt; font-family: Arial;\"> <\/span><\/span><\/p>\n<p class=\"MsoNormal\" style=\"text-align: justify;\"><span style=\"font-family: Arial; font-size: x-small;\"><span style=\"font-size: 10.0pt; font-family: Arial;\">Das Anliegen Abdel-Samads w\u00e4re wesentlich glaubw\u00fcrdiger ausgefallen, h\u00e4tte er sich nicht von den neokonservativen Scharfmachern instrumentalisieren lassen. Viele Ausw\u00fcchse des Islam und Islamismus sind in der Tat mehr als kritikw\u00fcrdig, aber mit der Faschismus-Keule wird das Kind mit dem Bade ausgesch\u00fcttet. Im ersten Kapitel werden unter Bezugnahme auf Umberto Eco einige Eckpunkte des Ur-Faschismus versucht zu konstruieren und sodann eine mehr als <strong><span style=\"font-weight: bold;\">gewagte Schlussfolgerungen gezogen, die viel \u00fcber Abdel-Samads politische Intention und ideologische Sto\u00dfrichtung des Buches offenbaren<\/span><\/strong>. \u201eDa, wo der islamische Faschismus die Macht \u00fcbernommen hat, wie im Iran, im Sudan, in Nigeria, Somalia und Gaza sind brutale Diktaturen entstanden, die ihre Macht bis heute nicht wieder abgegeben haben. Da, wo der Islamismus vom \u201aRegierungssessel\u2018 verdr\u00e4ngt wurde, verwandelten sich die Islamisten in Terroristen und \u00fcberzogen ihre L\u00e4nder mit Gewalt und Verw\u00fcstung wie in Algerien, Afghanistan, Mali und Libyen. Ein Schicksal, das nun auch \u00c4gypten und Syrien droht.\u201c Warum wird Irak nicht erw\u00e4hnt? Dort haben die US-Amerikaner einen gro\u00dfen Erfolg zu verbuchen, sie hinterlie\u00dfen 1,5 Millionen tote Iraker. Von dem Unheil, das die Bush-Krieger \u00fcber dieses Land gebracht haben, gar nicht zu reden. <\/span><\/span><\/p>\n<p class=\"MsoNormal\" style=\"text-align: justify;\"><span style=\"font-family: Arial; font-size: x-small;\"><span style=\"font-size: 10.0pt; font-family: Arial;\"> <\/span><\/span><\/p>\n<p class=\"MsoNormal\" style=\"text-align: justify;\"><span style=\"font-family: Arial; font-size: x-small;\"><span style=\"font-size: 10.0pt; font-family: Arial;\">Mit diesen salopp dahin geschriebenen Zeilen <span style=\"color: maroon;\"><span style=\"color: maroon;\">zeigt der Autor, dass er nicht nur undifferenziert denkt, sondern schon gar nicht bereit ist, die wirklichen Verursacher f\u00fcr diesen \u201eTerrorismus\u201c beim Namen zu nennen<\/span><\/span>. Wer hat zum Beispiel L\u00e4nder wie Afghanistan, Libyen, \u00c4gypten, Mali oder Syrien mit Gewalt, Verw\u00fcstung und Zerst\u00f6rung \u00fcberzogen? Waren es nicht die gewaltsamen v\u00f6lkerrechtswidrigen \u00dcberfalle des Westens und die Kooperation mit den fundamentalistischsten Despotien wie zum Beispiel Saudi-Arabien oder den protzigen Kataris, die daf\u00fcr urs\u00e4chlicher waren? <span style=\"color: maroon;\"><span style=\"color: maroon;\">Wer in Iran \u201eislamischen Faschismus\u201c und \u201eFaschismus als Staatsdoktrin\u201c diagnostiziert, offenbart seine Ahnungslosigkeit \u00fcber das Funktionieren des dortigen politischen Systems. <\/span><\/span><\/span><\/span><\/p>\n<p class=\"MsoNormal\" style=\"text-align: justify;\"><span style=\"font-family: Arial; font-size: x-small;\"><span style=\"font-size: 10.0pt; font-family: Arial;\"> <\/span><\/span><\/p>\n<p class=\"MsoNormal\" style=\"text-align: justify;\"><span style=\"font-family: Arial; font-size: x-small;\"><span style=\"font-size: 10.0pt; font-family: Arial;\">Da der Islam seit seiner Entstehung &#8222;faschistoide&#8220; Neigungen zeigt, scheint folglich jede Erscheinungsform des Islamismus ebenfalls von dieser Ideologie \u201einfiziert\u201c zu sein. Auf der Grundlage dieser verqueren Sichtweise schreibt Abdel-Samed: \u201eDie Muslimbruderschaft weist seit ihrer Gr\u00fcndung im Jahr 1928 faschistische Z\u00fcge auf. Wie alle faschistischen Bewegungen handelt sie mit zwei Waren: Wut und Blut.\u201c Und weil sie den Propheten als ihren Anf\u00fchrer, den Koran als die Verfassung, den Dschihad als Weg und das Sterben f\u00fcr Allah als Ziel sehen, mache sie zu einer \u201efaschistoide(n) Organisation\u201c. Deshalb gelte: \u201eWer nicht f\u00fcr uns ist, ist gegen uns, (und so) kann man in der Muslimbruderschaft auch die Mutterorganisation des islamistischen Terrorismus sehen. Al-Qaida ist eine ihrer Ausgeburten.\u201c<\/span><\/span><\/p>\n<p class=\"MsoNormal\" style=\"text-align: justify;\"><span style=\"font-family: Arial; font-size: x-small;\"><span style=\"font-size: 10.0pt; font-family: Arial;\"> <\/span><\/span><\/p>\n<p class=\"MsoNormal\" style=\"text-align: justify;\"><span style=\"font-family: Arial; color: maroon; font-size: x-small;\"><span style=\"font-size: 10.0pt; font-family: Arial; color: maroon;\">Als gelernter Muslim und studierter Politologe sollte der Autor eigentlich wissen, dass der Islamismus keine v\u00f6lkische und rassistische Ideologie ist, folglich ethnisch-nationale Kategorien irrelevant sind<\/span><\/span><span style=\"font-family: Arial; font-size: x-small;\"><span style=\"font-size: 10.0pt; font-family: Arial;\">. <span style=\"color: maroon;\"><span style=\"color: maroon;\">Dar\u00fcber hinaus ist der Islam egalit\u00e4r und universell und gerade nicht nationalistisch wie der Faschismus.<\/span><\/span> <strong><span style=\"font-weight: bold;\">Stammt nicht der Ausspruch \u201eWer nicht f\u00fcr uns ist, ist gegen uns\u201c von George W. Bush? Haben nicht die CIA, der pakistanische und saudi-arabische Geheimdienst Al-Qaida erst geschaffen? War nicht deren Terror urs\u00e4chlicher als der islamistische? Hat nicht Bush die Welt ebenfalls in Freund und Feind eingeteilt? Als die Islamisten gegen die sowjetischen Besatzer k\u00e4mpften, wurden sie von den USA und dem Westen als \u201eFreiheitsk\u00e4mpfer\u201c verh\u00e4tschelt, als sie sich gegen die Besatzer aus den USA und dem Westen wandten, mutierten sie zu \u201eTerroristen\u201c. <\/span><\/strong><\/span><\/span><\/p>\n<p class=\"MsoNormal\" style=\"text-align: justify;\"><span style=\"font-family: Arial; font-size: x-small;\"><span style=\"font-size: 10.0pt; font-family: Arial;\"> <\/span><\/span><\/p>\n<p class=\"MsoNormal\" style=\"text-align: justify;\"><span style=\"font-family: Arial; color: maroon; font-size: x-small;\"><span style=\"font-size: 10.0pt; font-family: Arial; color: maroon;\">Wer Vergleiche mit dem Nationalsozialismus anstellt, liegt meistens knapp daneben. So wagt Hamad-Samed doch allen ernstes Folgendes gleichzusetzen:<\/span><\/span><span style=\"font-family: Arial; font-size: x-small;\"><span style=\"font-size: 10.0pt; font-family: Arial;\"> \u201eViele Leute sagen, der Faschismus ist f\u00fcr den Tod von sechs Millionen Juden verantwortlich. Erstens: Die Messlatte f\u00fcr den Faschismus darf nicht bei sechs Millionen Toten liegen. Und wenn man die Opfer der Islamisten zusammenz\u00e4hlt kommt man ebenfalls auf Millionen: Die Opfer des iranischen Regimes, hingerichtet, zu Tode gefoltert, Hunderttausende. Die Opfer des algerischen B\u00fcrgerkriegs, der von Islamisten entfesselt wurde, die Opfer des afghanischen B\u00fcrgerkriegs, der von Islamisten entfesselt wurde, die Opfer des irakischen B\u00fcrgerkriegs, die Opfer des Krieges in Syrien, Sudan, Somalia, Jemen. Dazu die Opfer von \u00fcber 40.000 Terroranschl\u00e4gen, die in den letzten 20 Jahren ver\u00fcbt wurden mit hundertausenden von Toten, die meisten von ihnen \u00fcbrigens Muslime &#8211; da kommt man fast auf sechs Millionen!&#8220; Das Fazit des Politologen: Der Islamismus habe vielleicht nicht die gleiche Vernichtungsmaschinerie wie der Nationalsozialismus, aber die gleiche Geisteshaltung, und er verfolge die gleichen Ziele. Wie schon bei fr\u00fcheren Vergleichen hat auch hier der Autor die Millionen Toten vergessen, welche die USA und ihre Verb\u00fcndeten bei ihren j\u00fcngsten Eroberungskriegen hinterlassen haben.<\/span><\/span><\/p>\n<p class=\"MsoNormal\" style=\"text-align: justify;\"><span style=\"font-family: Arial; font-size: x-small;\"><span style=\"font-size: 10.0pt; font-family: Arial;\"> <\/span><\/span><\/p>\n<p class=\"MsoNormal\" style=\"text-align: justify;\"><span style=\"font-family: Arial; font-size: x-small;\"><span style=\"font-size: 10.0pt; font-family: Arial;\">F\u00fcr den Autor verfolgt der Islamismus immer die gleichen Ziele: Sobald die Islamisten an der Macht seien, wollten sie die islamistische Gesellschaftsordnung durchsetzen, die Scharia einf\u00fchren und letztendlich die Welt erobern. Der Islam sei nicht reformierbar, weil er alles als Wort Gottes ansehe, was im Koran stehe. Den Islamismus h\u00e4lt der Autor \u2013 im Gegensatz zu anderen Experten \u2013 f\u00fcr schwach, darin liege aber auch seine Gef\u00e4hrlichkeit. Die Islamisten glaubten nicht an die Reformierbarkeit ihrer Gesellschaften durch wirtschaftliche und politische Pl\u00e4ne, weil die Souver\u00e4nit\u00e4t bei Gott und nicht beim Volk liege.<\/span><\/span><\/p>\n<p class=\"MsoNormal\" style=\"text-align: justify;\"><span style=\"font-family: Arial; font-size: x-small;\"><span style=\"font-size: 10.0pt; font-family: Arial;\"> <\/span><\/span><\/p>\n<p class=\"MsoNormal\" style=\"text-align: justify;\"><span style=\"font-family: Arial; color: maroon; font-size: x-small;\"><span style=\"font-size: 10.0pt; font-family: Arial; color: maroon;\">Nat\u00fcrlich darf ein Kapitel \u00fcber \u201earabischen Antisemitismus\u201c nicht fehlen.<\/span><\/span><span style=\"font-family: Arial; font-size: x-small;\"><span style=\"font-size: 10.0pt; font-family: Arial;\"> \u201eNirgendwo ist der Antisemitismus so stark ausgepr\u00e4gt wie in der arabischen Welt\u201c schreibt Abdel-Samad. Als zentrale Figur wird immer wieder der Gro\u00dfmufti von Jerusalem, Amin al-Husseini, als Kronzeuge genannt. Es ist nicht zu leugnen, dass der Mufti ein Judenhasser war und von Berlin aus die Muslime in Pal\u00e4stina gegen die dort lebenden Juden aufhetzte. <strong><span style=\"font-weight: bold;\">Zu welchen grotesken Schl\u00fcssen es f\u00fchren kann, wenn man mit ideologischer Voreingenommenheit an den Untersuchungsgegenstand herangeht, haben Barry Rubin und Wolfgang G. Schwanitz in ihrem soeben erschienen Buch<\/span><\/strong> \u201e<a href=\"http:\/\/between-the-lines-ludwig-watzal.blogspot.de\/2014\/02\/nazis-islamists-and-modern-middle-east.html\" target=\"_blank\">Nazis, Islamists, and the Making oft he Modern Middle East<\/a>\u201c <strong><span style=\"font-weight: bold;\">demonstriert.<\/span><\/strong><\/span><\/span><\/p>\n<p class=\"MsoNormal\" style=\"text-align: justify;\"><span style=\"font-family: Arial; font-size: x-small;\"><span style=\"font-size: 10.0pt; font-family: Arial;\"> <\/span><\/span><\/p>\n<p class=\"MsoNormal\" style=\"text-align: justify;\"><span style=\"font-family: Arial; color: maroon; font-size: x-small;\"><span style=\"font-size: 10.0pt; font-family: Arial; color: maroon;\">Der Vergleich zwischen Faschismus und Islamismus wirkt nach Lekt\u00fcre dieses Buches \u00fcberzogen, gequ\u00e4lt und wenig \u00fcberzeugend.<\/span><\/span><span style=\"font-family: Arial; font-size: x-small;\"><span style=\"font-size: 10.0pt; font-family: Arial;\"> Meinte der Politologe vielleicht \u201eTotalitarismus\u201c und nicht Faschismus? <span style=\"color: maroon;\"><span style=\"color: maroon;\">Mit diesem Buch wird das lodernde Feuer der Islamophobie weiter angefacht.<\/span><\/span> Neben den Kriegen des Westens gegen den Islam, werden sich nicht nur die faschistoiden Islamisten von diesem Buch vor den Kopf gesto\u00dfen f\u00fchlen, sondern auch die Mehrheit der gem\u00e4\u00dfigten Muslime. Ein B\u00e4rendienst f\u00fcr den Islam. <\/span><\/span><\/p>\n<p><span><span style=\"font-family: Arial; font-size: x-small;\"><span style=\"font-size: 10.0pt; font-family: Arial;\"><\/span><\/span><\/span><span><span style=\"font-family: Arial; font-size: x-small;\"><span style=\"font-size: 10.0pt; font-family: Arial;\"><\/span><\/span><\/span><\/p>\n","protected":false},"excerpt":{"rendered":"<p>Der Autor \u00fcbernimmt den Kampfbegriff &#8222;islamischer Faschismus&#8220;, den neokonservative und islamophobe Autoren im Dunstkreis der Neokonservativen in den USA kreiert haben, um nicht nur eine m\u00e4chtige politisch-religi\u00f6se Str\u00f6mung zu diskreditieren, sondern den Islam in G\u00e4nze.<\/p>\n","protected":false},"author":3,"featured_media":0,"comment_status":"open","ping_status":"open","sticky":false,"template":"","format":"standard","meta":{"footnotes":""},"categories":[4,5],"tags":[],"class_list":["post-3367","post","type-post","status-publish","format-standard","hentry","category-antirassismus","category-arabischer-raum"],"_links":{"self":[{"href":"https:\/\/www.friedensplattform.at\/index.php?rest_route=\/wp\/v2\/posts\/3367","targetHints":{"allow":["GET"]}}],"collection":[{"href":"https:\/\/www.friedensplattform.at\/index.php?rest_route=\/wp\/v2\/posts"}],"about":[{"href":"https:\/\/www.friedensplattform.at\/index.php?rest_route=\/wp\/v2\/types\/post"}],"author":[{"embeddable":true,"href":"https:\/\/www.friedensplattform.at\/index.php?rest_route=\/wp\/v2\/users\/3"}],"replies":[{"embeddable":true,"href":"https:\/\/www.friedensplattform.at\/index.php?rest_route=%2Fwp%2Fv2%2Fcomments&post=3367"}],"version-history":[{"count":0,"href":"https:\/\/www.friedensplattform.at\/index.php?rest_route=\/wp\/v2\/posts\/3367\/revisions"}],"wp:attachment":[{"href":"https:\/\/www.friedensplattform.at\/index.php?rest_route=%2Fwp%2Fv2%2Fmedia&parent=3367"}],"wp:term":[{"taxonomy":"category","embeddable":true,"href":"https:\/\/www.friedensplattform.at\/index.php?rest_route=%2Fwp%2Fv2%2Fcategories&post=3367"},{"taxonomy":"post_tag","embeddable":true,"href":"https:\/\/www.friedensplattform.at\/index.php?rest_route=%2Fwp%2Fv2%2Ftags&post=3367"}],"curies":[{"name":"wp","href":"https:\/\/api.w.org\/{rel}","templated":true}]}}