{"id":3371,"date":"2014-04-14T07:00:24","date_gmt":"2014-04-14T05:00:24","guid":{"rendered":"http:\/\/www.luxorbis.org\/friedensplattform.at\/?p=3371"},"modified":"2014-04-14T07:00:24","modified_gmt":"2014-04-14T05:00:24","slug":"lampedusa","status":"publish","type":"post","link":"https:\/\/www.friedensplattform.at\/?p=3371","title":{"rendered":"Lampedusa"},"content":{"rendered":"<div class=\"MainBoxText\"><span class=\"BoxHeadlineUT\">Ein Dorf, viel Meer, wenig Arbeit:<\/span> Fl\u00fcchtlingsstr\u00f6me, Milit\u00e4r, Tote &#8211; bei Lampedusa denken wir an eine  Insel im Ausnahmezustand. Doch sind die Bilder tats\u00e4chlich europ\u00e4ische  Realit\u00e4t?<\/div>\n<p><!--more-->Ein Beitrag von Gilles Reckinger auf 3-Sat<\/p>\n<p><a href=\"http:\/\/\">http:\/\/www.3sat.de\/mediathek\/?mode=play&amp;obj=42920<\/a><\/p>\n<p>Gilles Reckinger hat letztes Jahr im Juni nauf Einaldung der FPF sein Buch &#8222;Lampedusa&#8220; vorgestellt.<\/p>\n<p>Es hat nichts an Aktualit\u00e4t verloren. Im Gegenteil.<\/p>\n<p><img loading=\"lazy\" decoding=\"async\" class=\"attachment-post-thumbnail wp-post-image\" title=\"Lampedusa\" src=\"http:\/\/www.isop.at\/wp-content\/uploads\/Lampedusa.jpg\" alt=\"Lampedusa\" width=\"140\" height=\"140\" \/><\/p>\n<h1 class=\"entry-title\">Buchvorstellung: Lampedusa \u2013 Begegnungspunkt im Mittelmeer<\/h1>\n<div class=\"entry-content\">\n<p>Angesichts der dramatischen Situationen in Italien strandender Fl\u00fcchtlinge haben wir den Ethnologen <strong>Gilles Reckinger<\/strong> eingeladen. Sein hochaktuelles Buch spricht von den Lebenssituationen  der Fl\u00fcchtlinge und von den ans\u00e4ssigen Inselbewohnern. Es zeigt auf,  welche Konsequenzen die Abschottungspolitiken der EU auf deren  Beziehungen haben. Reckinger gibt vor allem Betroffenen das Wort. Dass  er sich selbst in die Geschehnisse der Insel miteinbezieht, macht das  Buch zu einem politischen Werk im eigentlichen Sinn.<\/p>\n<p>Ein Buch, das zum Nachdenken anregt und R\u00fcckschl\u00fcsse darauf ziehen l\u00e4sst, wie Rassismus begegnet werden kann!<\/p><\/div>\n","protected":false},"excerpt":{"rendered":"<p>Ein Dorf, viel Meer, wenig Arbeit: Fl\u00fcchtlingsstr\u00f6me, Milit\u00e4r, Tote &#8211; bei Lampedusa denken wir an eine Insel im Ausnahmezustand. Doch sind die Bilder tats\u00e4chlich europ\u00e4ische Realit\u00e4t?<\/p>\n","protected":false},"author":3,"featured_media":0,"comment_status":"open","ping_status":"open","sticky":false,"template":"","format":"standard","meta":{"footnotes":""},"categories":[4,12],"tags":[],"class_list":["post-3371","post","type-post","status-publish","format-standard","hentry","category-antirassismus","category-hoeren-und-sehen"],"_links":{"self":[{"href":"https:\/\/www.friedensplattform.at\/index.php?rest_route=\/wp\/v2\/posts\/3371","targetHints":{"allow":["GET"]}}],"collection":[{"href":"https:\/\/www.friedensplattform.at\/index.php?rest_route=\/wp\/v2\/posts"}],"about":[{"href":"https:\/\/www.friedensplattform.at\/index.php?rest_route=\/wp\/v2\/types\/post"}],"author":[{"embeddable":true,"href":"https:\/\/www.friedensplattform.at\/index.php?rest_route=\/wp\/v2\/users\/3"}],"replies":[{"embeddable":true,"href":"https:\/\/www.friedensplattform.at\/index.php?rest_route=%2Fwp%2Fv2%2Fcomments&post=3371"}],"version-history":[{"count":0,"href":"https:\/\/www.friedensplattform.at\/index.php?rest_route=\/wp\/v2\/posts\/3371\/revisions"}],"wp:attachment":[{"href":"https:\/\/www.friedensplattform.at\/index.php?rest_route=%2Fwp%2Fv2%2Fmedia&parent=3371"}],"wp:term":[{"taxonomy":"category","embeddable":true,"href":"https:\/\/www.friedensplattform.at\/index.php?rest_route=%2Fwp%2Fv2%2Fcategories&post=3371"},{"taxonomy":"post_tag","embeddable":true,"href":"https:\/\/www.friedensplattform.at\/index.php?rest_route=%2Fwp%2Fv2%2Ftags&post=3371"}],"curies":[{"name":"wp","href":"https:\/\/api.w.org\/{rel}","templated":true}]}}