{"id":3379,"date":"2014-04-21T16:07:43","date_gmt":"2014-04-21T14:07:43","guid":{"rendered":"http:\/\/www.luxorbis.org\/friedensplattform.at\/?p=3379"},"modified":"2014-04-21T16:07:43","modified_gmt":"2014-04-21T14:07:43","slug":"ukraine-militaerischer-vulkan-mitten-in-europa-vor-dem-ausbruch","status":"publish","type":"post","link":"https:\/\/www.friedensplattform.at\/?p=3379","title":{"rendered":"UKRAINE:  milit&#228;rischer Vulkan mitten in Europa vor dem Ausbruch"},"content":{"rendered":"<p class=\"MsoNormal\">\n<h2>Erkl\u00e4rung der Steirischen Friedensplattform:<\/h2>\n<p class=\"MsoNormal\">\nWir schreiben das Jahr 7 der Weltwirtschafts\u00a0 &#8211;\u00a0 Krise ( nach           Ausbruch durch die Subprime-Spekulationen in den USA 2007).           Die Situation ist gef\u00e4hrlicher als 1936\u00a0 &#8211; im Jahr 7 der Krise           nach 1929. <!--more-->Es gab wie jetzt hohe Arbeitslosigkeit,           Verschuldung, Reichtumskonzentration, aufsteigenden Faschismus           und R\u00fcstung f\u00fcr den Krieg. Diesmal sind nicht nur die USA und           Europa tief in der Krise, sondern auch das inzwischen           kapitalistische Ru\u00dfland. Es ist kein Zufall, dass kriegerische           Auseinandersetzungen zwischen den imperialen M\u00e4chten beginnen.           Die Reichtumskonzentration hat einen H\u00f6chststand erreicht &#8211;           nach Oxfam haben die 67 Reichsten ebensoviel wie die 3.5           Milliarden \u00c4rmsten auf dieser Welt. Logisch, dass der           Konsummotor stockt und die Herrschenden wieder einen Ausweg           \u00fcber die Spirale: Krise-R\u00fcstung-Krieg, versuchen.<br \/>\nDiesmal sagt Ru\u00dfland stopp zur aggressiven Ausweitung der           USA\/EU bzw- Nato in alle ehemaligen Ostblockl\u00e4nder der UdSSR.           Dabei ist heute die Ukraine die leidtragende Pufferzone           zwischen Ost und West.<\/p>\n<div>\n<p class=\"MsoNormal\" style=\"margin-bottom: 12.0pt;\"><span style=\"font-family: Calibri , sans-serif;\"><\/p>\n<p>UKRAINE: Forderungskatalog der Steirischen               Friedensplattform in Folge einer Diskussionsveranstaltung               zu &#8222;Quo vadis Ukraine&#8220;?<\/span><\/p>\n<div>\n<p class=\"MsoNormal\"><span style=\"font-family: Calibri , sans-serif;\">a)                 Gegen jede Askalationspolitik und Krieg <\/span><\/p>\n<\/div>\n<div>\n<p class=\"MsoNormal\"><span style=\"font-family: Calibri , sans-serif;\"> <\/span><\/p>\n<\/div>\n<div>\n<p class=\"MsoNormal\"><span style=\"font-family: Calibri , sans-serif;\">b)                 H\u00e4nde weg aller Gro\u00dfm\u00e4chte (Russland\/USA\/EU)\u00a0von der                 Ukraine<\/span><\/p>\n<\/div>\n<div>\n<p class=\"MsoNormal\"><span style=\"font-family: Calibri , sans-serif;\"> <\/span><\/p>\n<\/div>\n<div>\n<p class=\"MsoNormal\"><span style=\"font-family: Calibri , sans-serif;\">c)                 F\u00fcr das Selbstbestimmungsrecht der Ukraine <\/span><\/p>\n<\/div>\n<div>\n<p class=\"MsoNormal\"><span style=\"font-family: Calibri , sans-serif;\"> <\/span><\/p>\n<\/div>\n<div>\n<p class=\"MsoNormal\"><span style=\"font-family: Calibri , sans-serif;\">d)                 Kein Nato-Beitritt der Ukraine. F\u00fcr eine Ukraine unter                 dem Schutz v\u00f6lkerrechtlicher Neutralit\u00e4t.<\/span><\/p>\n<\/div>\n<div>\n<p class=\"MsoNormal\"><span style=\"font-family: Calibri , sans-serif;\"> <\/span><\/p>\n<\/div>\n<div>\n<p class=\"MsoNormal\"><span style=\"font-family: Calibri , sans-serif;\">e)                 Rechtsextreme raus aus der Regierung<\/p>\n<p>f) F\u00fcr eine Konfliktregelung im Rahmen von OSCE und UNO<\/span><\/p>\n<\/div>\n<div>\n<p class=\"MsoNormal\"><span style=\"font-family: Calibri , sans-serif;\"> <\/span><\/p>\n<\/div>\n<div>\n<p class=\"MsoNormal\"><span style=\"font-family: Calibri , sans-serif;\">g)                 Abr\u00fcstung statt Aufr\u00fcstung; R\u00fcckzug der russischen                 Soldaten von der Ost-Grenze der Ukraine; keine                 Waffenlieferungen des Westens an die Ukraine <\/span><\/p>\n<\/div>\n<div>\n<p class=\"MsoNormal\"><span style=\"font-family: Calibri , sans-serif;\"> <\/span><\/p>\n<\/div>\n<div>\n<p class=\"MsoNormal\"><span style=\"font-family: Calibri , sans-serif;\">h)                 \u00dcbernahme der Gelder der Oligarchen, um den                 Staatsbankrott zu verhindern <\/span><\/p>\n<\/div>\n<div>\n<p class=\"MsoNormal\"><span style=\"font-family: Calibri , sans-serif;\"> <\/span><\/p>\n<\/div>\n<div>\n<p class=\"MsoNormal\"><span style=\"font-family: Calibri , sans-serif;\">i)                 Keine Akzeptanz der asozialen zerst\u00f6rerischen Auflagen                 des IWF (Internationaler W\u00e4hrungsfonds) bei                 Bereitstellung von Geldern <\/span><\/p>\n<\/div>\n<div>\n<p class=\"MsoNormal\"><span style=\"font-family: Calibri , sans-serif;\"> <\/span><\/p>\n<\/div>\n<div>\n<p class=\"MsoNormal\"><span style=\"font-family: Calibri , sans-serif;\">k)                 Gegen Kriegseinpeitscher und f\u00fcr eine objektive                 Berichterstattung, die die Interessen beider Seiten                 \/Moskau\/Berlin ber\u00fccksichtigt.<\/span><\/p>\n<\/div>\n<div>\n<p class=\"MsoNormal\"><span style=\"font-family: Calibri , sans-serif;\"><\/p>\n<p><a href=\"https:\/\/3c.gmx.net\/mail\/client\/dereferrer?redirectUrl=http%3A%2F%2Fwww.friedensplattform.at\" target=\"_blank\">www.friedensplattform.at<\/a>;                 Graz, am 15. April 2014<\/span><\/p>\n<\/div>\n<div>\n<p class=\"MsoNormal\"><span style=\"font-family: Calibri , sans-serif;\"> <\/span><\/p>\n<\/div>\n<div>\n<p class=\"MsoNormal\"><span style=\"font-family: Calibri , sans-serif;\"> <\/span><\/p>\n<\/div>\n<p class=\"MsoNormal\" style=\"margin-bottom: 12.0pt;\"><span style=\"font-family: Calibri , sans-serif;\"><\/p>\n<p><\/span><\/p>\n<div>\n<div>\n<div>\n<p class=\"MsoNormal\" style=\"margin-bottom: 12.0pt;\"><span style=\"font-family: Calibri , sans-serif;\"> <\/span><\/p>\n<\/div>\n<p class=\"MsoNormal\" style=\"margin-bottom: 12.0pt;\"><span style=\"font-family: Calibri , sans-serif;\"> <\/span><\/p>\n<\/div>\n<div>\n<p class=\"MsoNormal\"><span style=\"font-family: Calibri , sans-serif;\"> <\/span><\/p>\n<\/div>\n<\/div>\n<\/div>\n<p class=\"MsoNormal\" style=\"margin-bottom: 12.0pt;\">\n<p class=\"MsoNormal\" style=\"margin-bottom: 12.0pt;\">\n<p class=\"MsoNormal\"><strong>UKRAINE:\u00a0 milit\u00e4rischer Vulkan mitten in             Europa vor dem Ausbruch<\/strong><\/p>\n<p>Erkl\u00e4rung der Steirischen Friedensplattform:<\/p>\n<p>Wir schreiben das Jahr 7 der Weltwirtschafts\u00a0 &#8211;\u00a0 Krise ( nach           Ausbruch durch die Subprime-Spekulationen in den USA 2007).           Die Situation ist gef\u00e4hrlicher als 1936\u00a0 &#8211; im Jahr 7 der Krise           nach 1929. Es gab wie jetzt hohe Arbeitslosigkeit,           Verschuldung, Reichtumskonzentration, aufsteigenden Faschismus           und R\u00fcstung f\u00fcr den Krieg. Diesmal sind nicht nur die USA und           Europa tief in der Krise, sondern auch das inzwischen           kapitalistische Ru\u00dfland. Es ist kein Zufall, dass kriegerische           Auseinandersetzungen zwischen den imperialen M\u00e4chten beginnen.           Die Reichtumskonzentration hat einen H\u00f6chststand erreicht &#8211;           nach Oxfam haben die 67 Reichsten ebensoviel wie die 3.5           Milliarden \u00c4rmsten auf dieser Welt. Logisch, dass der           Konsummotor stockt und die Herrschenden wieder einen Ausweg           \u00fcber die Spirale: Krise-R\u00fcstung-Krieg, versuchen.<br \/>\nDiesmal sagt Ru\u00dfland stopp zur aggressiven Ausweitung der           USA\/EU bzw- Nato in alle ehemaligen Ostblockl\u00e4nder der UdSSR.           Dabei ist heute die Ukraine die leidtragende Pufferzone           zwischen Ost und West.<\/p>\n<div>\n<p class=\"MsoNormal\" style=\"margin-bottom: 12.0pt;\"><span style=\"font-family: Calibri , sans-serif;\"><\/p>\n<p>UKRAINE: Forderungskatalog der Steirischen               Friedensplattform in Folge einer Diskussionsveranstaltung               zu &#8222;Quo vadis Ukraine&#8220;?<\/span><\/p>\n<div>\n<p class=\"MsoNormal\"><span style=\"font-family: Calibri , sans-serif;\">a)                 Gegen jede Askalationspolitik und Krieg <\/span><\/p>\n<\/div>\n<div>\n<p class=\"MsoNormal\"><span style=\"font-family: Calibri , sans-serif;\"> <\/span><\/p>\n<\/div>\n<div>\n<p class=\"MsoNormal\"><span style=\"font-family: Calibri , sans-serif;\">b)                 H\u00e4nde weg aller Gro\u00dfm\u00e4chte (Russland\/USA\/EU)\u00a0von der                 Ukraine<\/span><\/p>\n<\/div>\n<div>\n<p class=\"MsoNormal\"><span style=\"font-family: Calibri , sans-serif;\"> <\/span><\/p>\n<\/div>\n<div>\n<p class=\"MsoNormal\"><span style=\"font-family: Calibri , sans-serif;\">c)                 F\u00fcr das Selbstbestimmungsrecht der Ukraine <\/span><\/p>\n<\/div>\n<div>\n<p class=\"MsoNormal\"><span style=\"font-family: Calibri , sans-serif;\"> <\/span><\/p>\n<\/div>\n<div>\n<p class=\"MsoNormal\"><span style=\"font-family: Calibri , sans-serif;\">d)                 Kein Nato-Beitritt der Ukraine. F\u00fcr eine Ukraine unter                 dem Schutz v\u00f6lkerrechtlicher Neutralit\u00e4t.<\/span><\/p>\n<\/div>\n<div>\n<p class=\"MsoNormal\"><span style=\"font-family: Calibri , sans-serif;\"> <\/span><\/p>\n<\/div>\n<div>\n<p class=\"MsoNormal\"><span style=\"font-family: Calibri , sans-serif;\">e)                 Rechtsextreme raus aus der Regierung<\/p>\n<p>f) F\u00fcr eine Konfliktregelung im Rahmen von OSCE und UNO<\/span><\/p>\n<\/div>\n<div>\n<p class=\"MsoNormal\"><span style=\"font-family: Calibri , sans-serif;\"> <\/span><\/p>\n<\/div>\n<div>\n<p class=\"MsoNormal\"><span style=\"font-family: Calibri , sans-serif;\">g)                 Abr\u00fcstung statt Aufr\u00fcstung; R\u00fcckzug der russischen                 Soldaten von der Ost-Grenze der Ukraine; keine                 Waffenlieferungen des Westens an die Ukraine <\/span><\/p>\n<\/div>\n<div>\n<p class=\"MsoNormal\"><span style=\"font-family: Calibri , sans-serif;\"> <\/span><\/p>\n<\/div>\n<div>\n<p class=\"MsoNormal\"><span style=\"font-family: Calibri , sans-serif;\">h)                 \u00dcbernahme der Gelder der Oligarchen, um den                 Staatsbankrott zu verhindern <\/span><\/p>\n<\/div>\n<div>\n<p class=\"MsoNormal\"><span style=\"font-family: Calibri , sans-serif;\"> <\/span><\/p>\n<\/div>\n<div>\n<p class=\"MsoNormal\"><span style=\"font-family: Calibri , sans-serif;\">i)                 Keine Akzeptanz der asozialen zerst\u00f6rerischen Auflagen                 des IWF (Internationaler W\u00e4hrungsfonds) bei                 Bereitstellung von Geldern <\/span><\/p>\n<\/div>\n<div>\n<p class=\"MsoNormal\"><span style=\"font-family: Calibri , sans-serif;\"> <\/span><\/p>\n<\/div>\n<div>\n<p class=\"MsoNormal\"><span style=\"font-family: Calibri , sans-serif;\">k)                 Gegen Kriegseinpeitscher und f\u00fcr eine objektive                 Berichterstattung, die die Interessen beider Seiten                 \/Moskau\/Berlin ber\u00fccksichtigt.<\/span><\/p>\n<\/div>\n<div>\n<p class=\"MsoNormal\"><span style=\"font-family: Calibri , sans-serif;\"><\/p>\n<p><a href=\"https:\/\/3c.gmx.net\/mail\/client\/dereferrer?redirectUrl=http%3A%2F%2Fwww.friedensplattform.at\" target=\"_blank\">www.friedensplattform.at<\/a>;                 Graz, am 15. April 2014<\/span><\/p>\n<\/div>\n<div>\n<p class=\"MsoNormal\"><span style=\"font-family: Calibri , sans-serif;\"> <\/span><\/p>\n<\/div>\n<div>\n<p class=\"MsoNormal\"><span style=\"font-family: Calibri , sans-serif;\"> <\/span><\/p>\n<\/div>\n<p class=\"MsoNormal\" style=\"margin-bottom: 12.0pt;\"><span style=\"font-family: Calibri , sans-serif;\"><\/p>\n<p><\/span><\/p>\n<div>\n<div>\n<div>\n<p class=\"MsoNormal\" style=\"margin-bottom: 12.0pt;\"><span style=\"font-family: Calibri , sans-serif;\"> <\/span><\/p>\n<\/div>\n<p class=\"MsoNormal\" style=\"margin-bottom: 12.0pt;\"><span style=\"font-family: Calibri , sans-serif;\"> <\/span><\/p>\n<\/div>\n<div>\n<p class=\"MsoNormal\"><span style=\"font-family: Calibri , sans-serif;\"> <\/span><\/p>\n<\/div>\n<\/div>\n<\/div>\n<p class=\"MsoNormal\" style=\"margin-bottom: 12.0pt;\">\n<p class=\"MsoNormal\" style=\"margin-bottom: 12.0pt;\">\n<p class=\"MsoNormal\" style=\"margin-bottom: 12.0pt;\">\n<p class=\"MsoNormal\" style=\"margin-bottom: 12.0pt;\">\n<p class=\"MsoNormal\" style=\"margin-bottom: 12.0pt;\">\n<p class=\"MsoNormal\" style=\"margin-bottom: 12.0pt;\">\n<p class=\"MsoNormal\" style=\"margin-bottom: 12.0pt;\">\n<p class=\"MsoNormal\" style=\"margin-bottom: 12.0pt;\">\n","protected":false},"excerpt":{"rendered":"<p>Erkl\u00e4rung der Steirischen Friedensplattform: Wir schreiben das Jahr 7 der Weltwirtschafts\u00a0 &#8211;\u00a0 Krise ( nach Ausbruch durch die Subprime-Spekulationen in den USA 2007). Die Situation ist gef\u00e4hrlicher als 1936\u00a0 &#8211; im Jahr 7 der Krise nach 1929.<\/p>\n","protected":false},"author":2,"featured_media":0,"comment_status":"open","ping_status":"open","sticky":false,"template":"","format":"standard","meta":{"footnotes":""},"categories":[1],"tags":[],"class_list":["post-3379","post","type-post","status-publish","format-standard","hentry","category-allgemein"],"_links":{"self":[{"href":"https:\/\/www.friedensplattform.at\/index.php?rest_route=\/wp\/v2\/posts\/3379","targetHints":{"allow":["GET"]}}],"collection":[{"href":"https:\/\/www.friedensplattform.at\/index.php?rest_route=\/wp\/v2\/posts"}],"about":[{"href":"https:\/\/www.friedensplattform.at\/index.php?rest_route=\/wp\/v2\/types\/post"}],"author":[{"embeddable":true,"href":"https:\/\/www.friedensplattform.at\/index.php?rest_route=\/wp\/v2\/users\/2"}],"replies":[{"embeddable":true,"href":"https:\/\/www.friedensplattform.at\/index.php?rest_route=%2Fwp%2Fv2%2Fcomments&post=3379"}],"version-history":[{"count":0,"href":"https:\/\/www.friedensplattform.at\/index.php?rest_route=\/wp\/v2\/posts\/3379\/revisions"}],"wp:attachment":[{"href":"https:\/\/www.friedensplattform.at\/index.php?rest_route=%2Fwp%2Fv2%2Fmedia&parent=3379"}],"wp:term":[{"taxonomy":"category","embeddable":true,"href":"https:\/\/www.friedensplattform.at\/index.php?rest_route=%2Fwp%2Fv2%2Fcategories&post=3379"},{"taxonomy":"post_tag","embeddable":true,"href":"https:\/\/www.friedensplattform.at\/index.php?rest_route=%2Fwp%2Fv2%2Ftags&post=3379"}],"curies":[{"name":"wp","href":"https:\/\/api.w.org\/{rel}","templated":true}]}}