{"id":341,"date":"2008-07-06T22:08:11","date_gmt":"2008-07-06T20:08:11","guid":{"rendered":"http:\/\/www.luxorbis.org\/friedensplattform.at\/?p=341"},"modified":"2008-07-06T22:08:11","modified_gmt":"2008-07-06T20:08:11","slug":"asf-pickerl","status":"publish","type":"post","link":"https:\/\/www.friedensplattform.at\/?p=341","title":{"rendered":"ASF &#8211; Pickerl"},"content":{"rendered":"<p>Von 24. &#8211; 26. Oktober 2008 findet in St. Peter in der Au (N\u00d6 nahe Amstetten) das vierte \u00f6sterreichische Sozialforum statt! Hier k\u00f6nnt ihr schon mal das Pickerl herunterladen:<\/p>\n<p><a href=\"http:\/\/www.luxorbis.org\/friedensplattform.at\/wp-content\/uploads\/2008\/07\/pickerl1_asf08.pdf\">Pickerl_asf08_solo<\/a><\/p>\n<p><a href=\"http:\/\/www.luxorbis.org\/friedensplattform.at\/wp-content\/uploads\/2008\/07\/asf_pickerl_2008_bogen.pdf\">Pickerl_asf08_8-fach_A4<\/a><\/p>\n","protected":false},"excerpt":{"rendered":"<p>Von 24. &#8211; 26. Oktober 2008 findet in St. Peter in der Au (N\u00d6 nahe Amstetten) das vierte \u00f6sterreichische Sozialforum statt! Hier k\u00f6nnt ihr schon mal das Pickerl herunterladen: Pickerl_asf08_solo Pickerl_asf08_8-fach_A4<\/p>\n","protected":false},"author":1,"featured_media":0,"comment_status":"open","ping_status":"open","sticky":false,"template":"","format":"standard","meta":{"footnotes":""},"categories":[7],"tags":[],"class_list":["post-341","post","type-post","status-publish","format-standard","hentry","category-asf-bewegung"],"_links":{"self":[{"href":"https:\/\/www.friedensplattform.at\/index.php?rest_route=\/wp\/v2\/posts\/341","targetHints":{"allow":["GET"]}}],"collection":[{"href":"https:\/\/www.friedensplattform.at\/index.php?rest_route=\/wp\/v2\/posts"}],"about":[{"href":"https:\/\/www.friedensplattform.at\/index.php?rest_route=\/wp\/v2\/types\/post"}],"author":[{"embeddable":true,"href":"https:\/\/www.friedensplattform.at\/index.php?rest_route=\/wp\/v2\/users\/1"}],"replies":[{"embeddable":true,"href":"https:\/\/www.friedensplattform.at\/index.php?rest_route=%2Fwp%2Fv2%2Fcomments&post=341"}],"version-history":[{"count":0,"href":"https:\/\/www.friedensplattform.at\/index.php?rest_route=\/wp\/v2\/posts\/341\/revisions"}],"wp:attachment":[{"href":"https:\/\/www.friedensplattform.at\/index.php?rest_route=%2Fwp%2Fv2%2Fmedia&parent=341"}],"wp:term":[{"taxonomy":"category","embeddable":true,"href":"https:\/\/www.friedensplattform.at\/index.php?rest_route=%2Fwp%2Fv2%2Fcategories&post=341"},{"taxonomy":"post_tag","embeddable":true,"href":"https:\/\/www.friedensplattform.at\/index.php?rest_route=%2Fwp%2Fv2%2Ftags&post=341"}],"curies":[{"name":"wp","href":"https:\/\/api.w.org\/{rel}","templated":true}]}}