{"id":3419,"date":"2014-07-19T11:43:33","date_gmt":"2014-07-19T09:43:33","guid":{"rendered":"http:\/\/www.luxorbis.org\/friedensplattform.at\/?p=3419"},"modified":"2014-07-19T11:43:33","modified_gmt":"2014-07-19T09:43:33","slug":"kraeftige-demo-fuer-gaza-in-graz","status":"publish","type":"post","link":"https:\/\/www.friedensplattform.at\/?p=3419","title":{"rendered":"Kr&#228;ftige DEMO f&#252;r Gaza in Graz!"},"content":{"rendered":"<p><a rel=\"attachment wp-att-3424\" href=\"http:\/\/www.luxorbis.org\/friedensplattform.at\/?attachment_id=3424\">Demonstration f\u00fcr GAZA<\/a><\/p>\n<p>Zwischen 150 und 300 solidarische Menschen haben gestern an der Demonstration der Steirischen Friedensplattform &#8222;WIR SIND ALLE GAZA&#8220; teilgenommen, darunter viele Jugendliche und Frauen.<\/p>\n<p><!--more--><\/p>\n<p>Nach einer Kundgebung mit Reden und Gedichten von TeilnehmerInnen aus verschiedensten L\u00e4ndern am Eisernen Tor ist der Demozug durch die Herrengasse \u00fcber den Hauptplatz zum Schlossbergplatz marschiert. Dabei wurden Plakate hochgehalten mit Parolen wie: Stopp murdering children! The Genocide goes on-Gaza needs your voice now! Stoppt den Terror gegen Pal\u00e4stina! Schweigen ist ein Kriegsverbrechen!<\/p>\n<p>Es wurden\u00a0 zahlreiche Transparente mitgef\u00fchrt: &#8222;Gegen Krieg und Rassismus&#8220;, &#8222;Besatzung ist Terrorismus-Widerstand ist V\u00f6lkerrecht&#8220;, &#8222;Pal\u00e4stina Dein Volk wird siegen&#8220;!<\/p>\n<p>Lautstark wurde gefordert: Free Gaza-Free Palestine! Ende der Besatzung! Stoppt das Massaker!From the River to the see, Palestine will be free!<\/p>\n<p>Zweimal versuchten Provokateure die Demonstation zu st\u00f6ren. Ein Faschist, der versuchte mit einem Hitlergru\u00df zu provozieren und zwei Zionisten, die am Hauptplatz die israelische Fahne schwenkten und Parolen f\u00fcr Israel riefen. Beide Provokationen wurden sofort gestoppt, obwohl die Exekutive sehr verhalten reagierte.<\/p>\n<p>Auch heute, <strong>Samstag, 19.Juli 2014 findet eine Demonstration statt, um 16:00 am Hauptplatz vor dem Rathaus.<\/strong> Veranstalter ist eine Gruppe solidarischer Jugendlicher.<\/p>\n<p>Ein weiterer Bericht und Fotos zur Demo ist erschienen auf <a href=\"http:\/\/de.haberjournal.at\/osterreich\/graz-wir-sind-alle-gaza-h618.html\" target=\"_blank\">http:\/\/de.haberjournal.at\/osterreich\/graz-wir-sind-alle-gaza-h618.html<\/a><\/p>\n","protected":false},"excerpt":{"rendered":"<p>Demonstration f\u00fcr GAZA Zwischen 150 und 300 solidarische Menschen haben gestern an der Demonstration der Steirischen Friedensplattform &#8222;WIR SIND ALLE GAZA&#8220; teilgenommen, darunter viele Jugendliche und Frauen.<\/p>\n","protected":false},"author":3,"featured_media":0,"comment_status":"open","ping_status":"open","sticky":false,"template":"","format":"standard","meta":{"footnotes":""},"categories":[1],"tags":[],"class_list":["post-3419","post","type-post","status-publish","format-standard","hentry","category-allgemein"],"_links":{"self":[{"href":"https:\/\/www.friedensplattform.at\/index.php?rest_route=\/wp\/v2\/posts\/3419","targetHints":{"allow":["GET"]}}],"collection":[{"href":"https:\/\/www.friedensplattform.at\/index.php?rest_route=\/wp\/v2\/posts"}],"about":[{"href":"https:\/\/www.friedensplattform.at\/index.php?rest_route=\/wp\/v2\/types\/post"}],"author":[{"embeddable":true,"href":"https:\/\/www.friedensplattform.at\/index.php?rest_route=\/wp\/v2\/users\/3"}],"replies":[{"embeddable":true,"href":"https:\/\/www.friedensplattform.at\/index.php?rest_route=%2Fwp%2Fv2%2Fcomments&post=3419"}],"version-history":[{"count":0,"href":"https:\/\/www.friedensplattform.at\/index.php?rest_route=\/wp\/v2\/posts\/3419\/revisions"}],"wp:attachment":[{"href":"https:\/\/www.friedensplattform.at\/index.php?rest_route=%2Fwp%2Fv2%2Fmedia&parent=3419"}],"wp:term":[{"taxonomy":"category","embeddable":true,"href":"https:\/\/www.friedensplattform.at\/index.php?rest_route=%2Fwp%2Fv2%2Fcategories&post=3419"},{"taxonomy":"post_tag","embeddable":true,"href":"https:\/\/www.friedensplattform.at\/index.php?rest_route=%2Fwp%2Fv2%2Ftags&post=3419"}],"curies":[{"name":"wp","href":"https:\/\/api.w.org\/{rel}","templated":true}]}}