{"id":344,"date":"2008-08-12T07:33:39","date_gmt":"2008-08-12T05:33:39","guid":{"rendered":"http:\/\/www.luxorbis.org\/friedensplattform.at\/?p=344"},"modified":"2008-08-12T07:33:39","modified_gmt":"2008-08-12T05:33:39","slug":"artikel-im-spiegelde-saakaschwili-hat-sich-verkalkuliert","status":"publish","type":"post","link":"https:\/\/www.friedensplattform.at\/?p=344","title":{"rendered":"Artikel im Spiegel.de: Saakaschwili hat sich verkalkuliert"},"content":{"rendered":"<p><strong>OSTEUROPA-EXPERTE SEGBERS ZUM GEORGIEN-KRIEG<\/strong><\/p>\n<p><strong><\/strong><br \/>\n&#8222;Saakaschwili hat sich verkalkuliert&#8220;<\/p>\n<p>Die abtr\u00fcnnigen Provinzen in weiter Ferne, die Nato-Mitgliedschaft ebenfalls &#8211; nach drei Tagen Krieg steht Georgiens Pr\u00e4sident Saakaschwili vor einem Desaster. Klaus Segbers erkl\u00e4rt im SPIEGEL-ONLINE-Interview, warum die Russen jedoch ebenso wenig Grund zum Jubeln haben.<\/p>\n<p><a title=\"Spiegel online\" href=\"http:\/\/www.spiegel.de\/politik\/ausland\/0,1518,571256,00.html\" target=\"_blank\">Weiterlesen im Spiegel online<\/a><\/p>\n","protected":false},"excerpt":{"rendered":"<p>OSTEUROPA-EXPERTE SEGBERS ZUM GEORGIEN-KRIEG &#8222;Saakaschwili hat sich verkalkuliert&#8220; Die abtr\u00fcnnigen Provinzen in weiter Ferne, die Nato-Mitgliedschaft ebenfalls &#8211; nach drei Tagen Krieg steht Georgiens Pr\u00e4sident Saakaschwili vor einem Desaster. Klaus Segbers erkl\u00e4rt im SPIEGEL-ONLINE-Interview, warum die Russen jedoch ebenso wenig Grund zum Jubeln haben. Weiterlesen im Spiegel online<\/p>\n","protected":false},"author":1,"featured_media":0,"comment_status":"open","ping_status":"open","sticky":false,"template":"","format":"standard","meta":{"footnotes":""},"categories":[1],"tags":[],"class_list":["post-344","post","type-post","status-publish","format-standard","hentry","category-allgemein"],"_links":{"self":[{"href":"https:\/\/www.friedensplattform.at\/index.php?rest_route=\/wp\/v2\/posts\/344","targetHints":{"allow":["GET"]}}],"collection":[{"href":"https:\/\/www.friedensplattform.at\/index.php?rest_route=\/wp\/v2\/posts"}],"about":[{"href":"https:\/\/www.friedensplattform.at\/index.php?rest_route=\/wp\/v2\/types\/post"}],"author":[{"embeddable":true,"href":"https:\/\/www.friedensplattform.at\/index.php?rest_route=\/wp\/v2\/users\/1"}],"replies":[{"embeddable":true,"href":"https:\/\/www.friedensplattform.at\/index.php?rest_route=%2Fwp%2Fv2%2Fcomments&post=344"}],"version-history":[{"count":0,"href":"https:\/\/www.friedensplattform.at\/index.php?rest_route=\/wp\/v2\/posts\/344\/revisions"}],"wp:attachment":[{"href":"https:\/\/www.friedensplattform.at\/index.php?rest_route=%2Fwp%2Fv2%2Fmedia&parent=344"}],"wp:term":[{"taxonomy":"category","embeddable":true,"href":"https:\/\/www.friedensplattform.at\/index.php?rest_route=%2Fwp%2Fv2%2Fcategories&post=344"},{"taxonomy":"post_tag","embeddable":true,"href":"https:\/\/www.friedensplattform.at\/index.php?rest_route=%2Fwp%2Fv2%2Ftags&post=344"}],"curies":[{"name":"wp","href":"https:\/\/api.w.org\/{rel}","templated":true}]}}