{"id":3440,"date":"2014-07-26T22:36:16","date_gmt":"2014-07-26T20:36:16","guid":{"rendered":"http:\/\/www.luxorbis.org\/friedensplattform.at\/?p=3440"},"modified":"2014-07-26T22:36:16","modified_gmt":"2014-07-26T20:36:16","slug":"kurzbericht-demo-am-freitag-25-7","status":"publish","type":"post","link":"https:\/\/www.friedensplattform.at\/?p=3440","title":{"rendered":"Kurzbericht DEMO am Freitag, 25.7."},"content":{"rendered":"<p>Hoch die Internationale Solidarit\u00e4t!<!--more--><\/p>\n<p>war einer der Slogans, der die Demonstration am Freitag begleitete.<\/p>\n<p>Nach Ansprachen solidarischer Personen und eines Vertreters der KP\u00d6 zogen rund 200 Personen durch die Herrenstrasse \u00fcber den Jakominiplatz, das Finanzamt zur Redaktion der Kleinen Zeitung in der Sch\u00f6naugasse.<\/p>\n<p>Mittels einer kr\u00e4ftigen Kundgebung vor dem Styria-Verlagsgeb\u00e4ude wurden RedakteurInnen aufgefordert, die einseitige proisraelische\u00a0 Berichterstattung zu beenden und die Realit\u00e4t der Bev\u00f6lkerung in Gaza vor dem Hintergrund der pal\u00e4stinensischen Geschichte zu schildern. DemonstrantInnen riefen\u00a0 &#8222;Stoppt das Schweigen&#8220;, &#8222;Stoppt die L\u00fcgen&#8220;, Ende der Blockade&#8220; &#8222;Wo sind die Menschenrechte?&#8220;, &#8222;Freiheit f\u00fcr Gaza&#8220;.<\/p>\n<p>Vertreter der Friedensplattform \u00fcbergaben eine Resolution wegen der einseitigen Berichterstattung der Kleinen Zeitung zum Gaza-Konflikt.<\/p>\n<p>Die lautstarken Forderungen der DemonstratInnen veranlassten Chefredakteur Hubert Patterer dazu,\u00a0 das Redaktionsgeb\u00e4ude zu verlassen und den DemonstrantInnen gegen\u00fcber zu treten. SprecherInnen nannten ihm zahlreiche Beispiele f\u00fcr die einseitige und oftmals schlichtweg falsche Berichterstattung, sie machten darauf aufmerksam, dass es auch pal\u00e4stinensische Nachrichtenagenturen und JounalistInnen gibt und verlangten ein Ende der zynischen und\u00a0 immer proisraelischen Kommentare von Henryk Broder.<\/p>\n<p>Chefredakteur Patterer bekundete Interesse an einem Gespr\u00e4ch mit VertreterInnen der Friedensplattform, welches n\u00e4chste Woche stattfinden wird.<\/p>\n<p><strong><span style=\"color: #000000;\"><a href=\"http:\/\/www.linkestmk.at\/wp-content\/uploads\/2014\/07\/Demonstration-f%C3%BCr-GAZA25_7_14.doc\">Flugblatt Demonstration f\u00fcr GAZA25_7_14<\/a><\/span><\/strong><\/p>\n<p><strong><span style=\"color: #000000;\">Bildbericht:<br \/>\n<\/span><\/strong><\/p>\n<p><a href=\"http:\/\/www.luxorbis.org\/friedensplattform.at\/wp-content\/uploads\/2014\/07\/StFP_Demo_20140725_001.jpg\"><img loading=\"lazy\" decoding=\"async\" class=\"alignleft size-medium wp-image-3458\" title=\"StFP_Demo_20140725_001\" src=\"http:\/\/www.luxorbis.org\/friedensplattform.at\/wp-content\/uploads\/2014\/07\/StFP_Demo_20140725_001-300x225.jpg\" alt=\"StFP_Demo_20140725_001\" width=\"300\" height=\"225\" \/><\/a><a href=\"http:\/\/www.luxorbis.org\/friedensplattform.at\/wp-content\/uploads\/2014\/07\/StFP_Demo_20140725_002.jpg\"><img loading=\"lazy\" decoding=\"async\" class=\"alignleft size-medium wp-image-3459\" title=\"StFP_Demo_20140725_002\" src=\"http:\/\/www.luxorbis.org\/friedensplattform.at\/wp-content\/uploads\/2014\/07\/StFP_Demo_20140725_002-300x225.jpg\" alt=\"StFP_Demo_20140725_002\" width=\"300\" height=\"225\" \/><\/a><\/p>\n<p><a href=\"http:\/\/www.luxorbis.org\/friedensplattform.at\/wp-content\/uploads\/2014\/07\/StFP_Demo_20140725_003.jpg\"><img loading=\"lazy\" decoding=\"async\" class=\"alignleft size-medium wp-image-3460\" title=\"StFP_Demo_20140725_003\" src=\"http:\/\/www.luxorbis.org\/friedensplattform.at\/wp-content\/uploads\/2014\/07\/StFP_Demo_20140725_003-300x225.jpg\" alt=\"StFP_Demo_20140725_003\" width=\"300\" height=\"225\" \/><\/a><a href=\"http:\/\/www.luxorbis.org\/friedensplattform.at\/wp-content\/uploads\/2014\/07\/StFP_Demo_20140725_004.jpg\"><img loading=\"lazy\" decoding=\"async\" class=\"alignleft size-medium wp-image-3461\" title=\"StFP_Demo_20140725_004\" src=\"http:\/\/www.luxorbis.org\/friedensplattform.at\/wp-content\/uploads\/2014\/07\/StFP_Demo_20140725_004-300x225.jpg\" alt=\"StFP_Demo_20140725_004\" width=\"300\" height=\"225\" \/><\/a><\/p>\n<p><a href=\"http:\/\/www.luxorbis.org\/friedensplattform.at\/wp-content\/uploads\/2014\/07\/StFP_Demo_20140725_005.jpg\"><img loading=\"lazy\" decoding=\"async\" class=\"alignleft size-medium wp-image-3462\" title=\"StFP_Demo_20140725_005\" src=\"http:\/\/www.luxorbis.org\/friedensplattform.at\/wp-content\/uploads\/2014\/07\/StFP_Demo_20140725_005-300x225.jpg\" alt=\"StFP_Demo_20140725_005\" width=\"300\" height=\"225\" \/><\/a><a href=\"http:\/\/www.luxorbis.org\/friedensplattform.at\/wp-content\/uploads\/2014\/07\/StFP_Demo_20140725_006.jpg\"><img loading=\"lazy\" decoding=\"async\" class=\"alignleft size-medium wp-image-3463\" title=\"StFP_Demo_20140725_006\" src=\"http:\/\/www.luxorbis.org\/friedensplattform.at\/wp-content\/uploads\/2014\/07\/StFP_Demo_20140725_006-300x225.jpg\" alt=\"StFP_Demo_20140725_006\" width=\"300\" height=\"225\" \/><\/a><a href=\"http:\/\/www.luxorbis.org\/friedensplattform.at\/wp-content\/uploads\/2014\/07\/StFP_Demo_20140725_007.jpg\"><img loading=\"lazy\" decoding=\"async\" class=\"alignleft size-medium wp-image-3464\" title=\"StFP_Demo_20140725_007\" src=\"http:\/\/www.luxorbis.org\/friedensplattform.at\/wp-content\/uploads\/2014\/07\/StFP_Demo_20140725_007-300x225.jpg\" alt=\"StFP_Demo_20140725_007\" width=\"300\" height=\"225\" \/><\/a><a href=\"http:\/\/www.luxorbis.org\/friedensplattform.at\/wp-content\/uploads\/2014\/07\/StFP_Demo_20140725_008.jpg\"><img loading=\"lazy\" decoding=\"async\" class=\"alignleft size-medium wp-image-3465\" title=\"StFP_Demo_20140725_008\" src=\"http:\/\/www.luxorbis.org\/friedensplattform.at\/wp-content\/uploads\/2014\/07\/StFP_Demo_20140725_008-300x225.jpg\" alt=\"StFP_Demo_20140725_008\" width=\"300\" height=\"225\" \/><\/a><a href=\"http:\/\/www.luxorbis.org\/friedensplattform.at\/wp-content\/uploads\/2014\/07\/StFP_Demo_20140725_009.jpg\"><img loading=\"lazy\" decoding=\"async\" class=\"alignleft size-medium wp-image-3466\" title=\"StFP_Demo_20140725_009\" src=\"http:\/\/www.luxorbis.org\/friedensplattform.at\/wp-content\/uploads\/2014\/07\/StFP_Demo_20140725_009-300x225.jpg\" alt=\"StFP_Demo_20140725_009\" width=\"300\" height=\"225\" \/><\/a><\/p>\n","protected":false},"excerpt":{"rendered":"<p>Hoch die Internationale Solidarit\u00e4t!<\/p>\n","protected":false},"author":3,"featured_media":0,"comment_status":"open","ping_status":"open","sticky":false,"template":"","format":"standard","meta":{"footnotes":""},"categories":[1],"tags":[],"class_list":["post-3440","post","type-post","status-publish","format-standard","hentry","category-allgemein"],"_links":{"self":[{"href":"https:\/\/www.friedensplattform.at\/index.php?rest_route=\/wp\/v2\/posts\/3440","targetHints":{"allow":["GET"]}}],"collection":[{"href":"https:\/\/www.friedensplattform.at\/index.php?rest_route=\/wp\/v2\/posts"}],"about":[{"href":"https:\/\/www.friedensplattform.at\/index.php?rest_route=\/wp\/v2\/types\/post"}],"author":[{"embeddable":true,"href":"https:\/\/www.friedensplattform.at\/index.php?rest_route=\/wp\/v2\/users\/3"}],"replies":[{"embeddable":true,"href":"https:\/\/www.friedensplattform.at\/index.php?rest_route=%2Fwp%2Fv2%2Fcomments&post=3440"}],"version-history":[{"count":0,"href":"https:\/\/www.friedensplattform.at\/index.php?rest_route=\/wp\/v2\/posts\/3440\/revisions"}],"wp:attachment":[{"href":"https:\/\/www.friedensplattform.at\/index.php?rest_route=%2Fwp%2Fv2%2Fmedia&parent=3440"}],"wp:term":[{"taxonomy":"category","embeddable":true,"href":"https:\/\/www.friedensplattform.at\/index.php?rest_route=%2Fwp%2Fv2%2Fcategories&post=3440"},{"taxonomy":"post_tag","embeddable":true,"href":"https:\/\/www.friedensplattform.at\/index.php?rest_route=%2Fwp%2Fv2%2Ftags&post=3440"}],"curies":[{"name":"wp","href":"https:\/\/api.w.org\/{rel}","templated":true}]}}