{"id":347,"date":"2008-09-05T20:16:22","date_gmt":"2008-09-05T18:16:22","guid":{"rendered":"http:\/\/www.luxorbis.org\/friedensplattform.at\/?p=347"},"modified":"2008-09-05T20:16:22","modified_gmt":"2008-09-05T18:16:22","slug":"artikel-auf-spiegelonline-us-militar-stellt-mikrowellen-kanone-vor","status":"publish","type":"post","link":"https:\/\/www.friedensplattform.at\/?p=347","title":{"rendered":"Artikel auf Spiegelonline: US-Milit&#228;r stellt Mikrowellen-Kanone vor"},"content":{"rendered":"<p>Ein etwas \u00e4lterer Artikel von www.spiegel.de:<\/p>\n<p>STRAHLENWAFFE<br \/>\n<strong>US-Milit\u00e4r stellt Mikrowellen-Kanone vor<\/strong><\/p>\n<p>Das US-Milit\u00e4r macht Ernst mit seinen Pl\u00e4nen zum Einsatz von Energiewaffen. Eine Mikrowellen-Kanone, die bei Menschen unertr\u00e4gliche Schmerzen verursacht, soll k\u00fcnftig in Krisengebieten &#8211; etwa im Irak &#8211; Demonstranten und potentielle Angreifer in Schach halten.<\/p>\n<p><a title=\"Spiegel online\" href=\"http:\/\/www.spiegel.de\/wissenschaft\/mensch\/0,1518,462187,00.html\" target=\"_blank\">Weiterlesen auf Spiegelonline<\/a><\/p>\n","protected":false},"excerpt":{"rendered":"<p>Ein etwas \u00e4lterer Artikel von www.spiegel.de: STRAHLENWAFFE US-Milit\u00e4r stellt Mikrowellen-Kanone vor Das US-Milit\u00e4r macht Ernst mit seinen Pl\u00e4nen zum Einsatz von Energiewaffen. Eine Mikrowellen-Kanone, die bei Menschen unertr\u00e4gliche Schmerzen verursacht, soll k\u00fcnftig in Krisengebieten &#8211; etwa im Irak &#8211; Demonstranten und potentielle Angreifer in Schach halten. Weiterlesen auf Spiegelonline<\/p>\n","protected":false},"author":1,"featured_media":0,"comment_status":"open","ping_status":"open","sticky":false,"template":"","format":"standard","meta":{"footnotes":""},"categories":[1],"tags":[],"class_list":["post-347","post","type-post","status-publish","format-standard","hentry","category-allgemein"],"_links":{"self":[{"href":"https:\/\/www.friedensplattform.at\/index.php?rest_route=\/wp\/v2\/posts\/347","targetHints":{"allow":["GET"]}}],"collection":[{"href":"https:\/\/www.friedensplattform.at\/index.php?rest_route=\/wp\/v2\/posts"}],"about":[{"href":"https:\/\/www.friedensplattform.at\/index.php?rest_route=\/wp\/v2\/types\/post"}],"author":[{"embeddable":true,"href":"https:\/\/www.friedensplattform.at\/index.php?rest_route=\/wp\/v2\/users\/1"}],"replies":[{"embeddable":true,"href":"https:\/\/www.friedensplattform.at\/index.php?rest_route=%2Fwp%2Fv2%2Fcomments&post=347"}],"version-history":[{"count":0,"href":"https:\/\/www.friedensplattform.at\/index.php?rest_route=\/wp\/v2\/posts\/347\/revisions"}],"wp:attachment":[{"href":"https:\/\/www.friedensplattform.at\/index.php?rest_route=%2Fwp%2Fv2%2Fmedia&parent=347"}],"wp:term":[{"taxonomy":"category","embeddable":true,"href":"https:\/\/www.friedensplattform.at\/index.php?rest_route=%2Fwp%2Fv2%2Fcategories&post=347"},{"taxonomy":"post_tag","embeddable":true,"href":"https:\/\/www.friedensplattform.at\/index.php?rest_route=%2Fwp%2Fv2%2Ftags&post=347"}],"curies":[{"name":"wp","href":"https:\/\/api.w.org\/{rel}","templated":true}]}}