{"id":3474,"date":"2014-07-30T16:05:51","date_gmt":"2014-07-30T14:05:51","guid":{"rendered":"http:\/\/www.luxorbis.org\/friedensplattform.at\/?p=3474"},"modified":"2014-07-30T16:05:51","modified_gmt":"2014-07-30T14:05:51","slug":"antisemitismus-kampagne-als-ablenkungsmanoever","status":"publish","type":"post","link":"https:\/\/www.friedensplattform.at\/?p=3474","title":{"rendered":"Antisemitismus-Kampagne als Ablenkungsman&#246;ver!"},"content":{"rendered":"<p><span>Kommentar vom &#8222;Hochblauen&#8220;<br \/>\n<\/span> <span>Antisemitismus-Kampagne als Ablenkungsman\u00f6ver!<br \/>\n<\/span> <span>Von Evelyn Hecht-Galinski <\/span><\/p>\n<p>Es ist Samstag der 26. Juli und ich sitze hier fast gel\u00e4hmt vor  Wut und Trauer \u00fcber die deutsche Wirklichkeit. Der &#8222;j\u00fcdische Staat&#8220;  begeht V\u00f6lkermord und Kriegsverbrechen. Ohne R\u00fccksicht auf die  muslimische oder christliche Bev\u00f6lkerung in Israel wird auf die  Anerkennung als &#8222;j\u00fcdischer Staat&#8220; bestanden. Durch diese Forderung  werden alle B\u00fcrger j\u00fcdischen Glaubens weltweit in Mithaftung genommen,  f\u00fcr die Verbrechen des &#8222;j\u00fcdischen Staates&#8220;. Ein hoher Preis also, den  j\u00fcdische B\u00fcrger in der Diaspora bezahlen sollen. Verst\u00e4rkt noch durch  die Forderung j\u00fcdischer Organisationen und Funktion\u00e4re, dass sich alle  j\u00fcdischen B\u00fcrger mit diesem &#8222;j\u00fcdischen Staat&#8220; identifizieren sollen. So  ist die jetzt angelaufene gemeinsame Kampagne von Medien und Politik  gegen vermeintlichen Antisemitismus zu sehen.<\/p>\n<p><!--more--><\/p>\n<div>\n<div><img loading=\"lazy\" decoding=\"async\" src=\"http:\/\/www.nrhz.de\/flyer\/media\/20605\/Antisemitismus,%20Tagesspiegel.jpg\" alt=\"\" width=\"300\" height=\"225\" \/><br \/>\nBeweis f\u00fcr Antisemitismus bei Gaza-Demos \u2013<br \/>\n\u00dcberschrift und Foto im Tagesspiegel am 22. Juli<\/p>\n<div>Quelle: Tagesspiegel<\/div>\n<\/div>\n<\/div>\n<p>Geschickt verdr\u00e4ngt man die Kriegsver-brechen des &#8222;j\u00fcdischen Staates&#8220;,  zu Gunsten von Antisemitismus und Judenhass. Schl\u00e4gt man derzeit die  Zeitungen auf, so st\u00f6\u00dft man in allen \u00fcberregionalen Zeitungen und in  allen Provinzbl\u00e4ttern nur noch auf dieses Thema. H\u00f6rt man die  Radiostationen, ist auch dort der Antisemitismus auf den  Anti-Gaza-Demonstrationen das Thema.<\/p>\n<div>Ich war am 19. Juli in Berlin, auf der gro\u00dfen  Montagsmahnwachen-Kundgebung. Es war beeindruckend, wie sich Mahnwachen  aus ganz Deutschland friedlich versammelt hatten. Sp\u00e4ter kamen auch noch  viele betroffenen Pal\u00e4stinenser dazu, die sich an der Demonstration  beteiligen wollten. Selten habe ich vor so einem interessierten Publikum  gesprochen. Mehrere tausend Menschen, die ihre Solidarit\u00e4t mit Gaza,  mitten in Berlin, am Potsdamer Platz bekundeten.<\/div>\n<div>Nicht eine Zeitung au\u00dfer der jungen Welt, nicht ein Radio- oder ein  TV-Sender berichtete dar\u00fcber. Diese Mahnwache, meine und andere Reden  wurden einfach totgeschwiegen. Warum wohl? Weil sie eben nicht in dieses  antisemitische Schema passten. Diese schreckliche Kampagne, angezettelt  von der Israel-Lobby und ihren philosemitischen Helfern, begann erst  als man merkte, wie sich in Deutschland eine friedliche Protestbewegung  und Kultur einer B\u00fcrgerbewegung entwickelt, die der Politik gef\u00e4hrlich  werden k\u00f6nnte.<\/div>\n<div>In der ganzen Welt, von New York bis London, demonstrieren tausende  Menschen mit den dort lebenden Pal\u00e4stinensern friedlich gegen den  V\u00f6lkermord in Gaza. Nur im deutschsprachigen Raum und in Frankreich  haben es die interessierten Kreise geschafft, die Protestierenden in ein  falsches Licht zu stellen. Weil es ein paar EINZELNE Entgleisungen gab,  die ich selbstverst\u00e4ndlich auch verurteile, wurde diese Kampagne ins  Rollen gebracht. Das sind in neudeutsch eben Kollateralsch\u00e4den des  Protests!<\/div>\n<div>Was war da Ziel? Ablenkung von den Kriegsverbrechen des &#8222;j\u00fcdischen  Staates&#8220; und Einsch\u00fcchterung der Demonstranten! Die Polizei, die  gl\u00fccklicherweise mehr als umsichtig gehandelt hatte, wurde daf\u00fcr auch  noch kritisiert.<\/div>\n<div>Darf man sich noch wundern, wenn gegen Juden polemisiert wird? Wenn  doch der &#8222;j\u00fcdische Staat&#8220; diese Bombardierungen im Gaza-Ghetto in Gang  gebracht hat. Viele englische und US-Freunde sprechen schon  richtigerweise von Konzentrationslager Gaza. Ein richtiger Ausdruck,  denn wo sonst sind so viele Menschen auf kleinstem Raum eingesperrt und  den israelischen Kriegsverbrechen ausgesetzt?<\/div>\n<div>Auch das M\u00e4rchen der j\u00fcdisch\/israelischen Propaganda von den  &#8222;menschlichen Schutzschilden&#8220;, die die Hamas aus den armen Bewohnern  machen w\u00fcrde ist eine glatte L\u00fcge! Wohin sollen die Bewohner denn vor  dem j\u00fcdisch\/israelischen Bombenhagel fl\u00fcchten?<\/div>\n<div>Tats\u00e4chlich benutzten israelische &#8222;Verteidigungssoldaten&#8220; im  &#8222;j\u00fcdischen Staat&#8220; schon Pal\u00e4stinenser als Schutzschilde, um sich zu  sch\u00fctzen.<\/div>\n<div>\n<img loading=\"lazy\" decoding=\"async\" src=\"http:\/\/www.nrhz.de\/flyer\/media\/20605\/gaza-Panzerhaubitze%20laden.jpg\" alt=\"\" width=\"445\" height=\"278\" \/><\/div>\n<div>gaza-Panzerhaubitze laden<\/div>\n<div>Foto: Imago<\/div>\n<div>Tatsache ist, dass die zionistischen Regierungen Israels seit der  Staatsgr\u00fcndung kontinuierlich den Pal\u00e4stinensern ihr Land raubten und  sie immer missachteten. Tatsache ist auch, dass die Hamas-Regierung im  Gazastreifen eine demokratisch gew\u00e4hlte legitime Regierung ist.<\/div>\n<div>Tatsache ist auch, dass der j\u00fcdisch\/israelische Mythos von &#8222;Wir haben Gaza ger\u00e4umt&#8220;, ein trauriger Witz ist.<\/div>\n<div>Der Gazastreifen ist blockiert, vom Land und von der See, von  Israel und von \u00c4gypten. Keine Chance f\u00fcr die eingesperrten Menschen aus  diesem Freiluftgef\u00e4ngnis zu entkommen. Sie werden vom &#8222;j\u00fcdischen Staat&#8220;  auf Di\u00e4t gehalten, man verweigert ihnen G\u00fcter ein und auszuf\u00fchren, man  verweigert ihnen ein menschenw\u00fcrdiges Leben. Die Hamas hat also keine  andere M\u00f6glichkeit, die Welt an diese Trag\u00f6die zu erinnern, als mit  Raketen auf sich aufmerksam zu machen, die Israel bis auf eine immer  abgeschossen hat.<\/div>\n<div>Nein, nicht die Hamas hat diesen schrecklichen Krieg angefangen, es  war der &#8222;j\u00fcdische Staat&#8220;, der angebliche Hamas-F\u00fchrer am 29.Juni  gezielt mit Drohnen in ihren Wagen ermordet hatte. Es war der &#8222;j\u00fcdische  Staat&#8220;, der mehrere Pal\u00e4stinenser im besetzten Westjordanland ermordete,  es war der &#8222;j\u00fcdische Staat&#8220;, der einen Grund suchte, um zwei Fliegen  mit einer Klappe zu schlagen, n\u00e4mlich nach der Vers\u00f6hnung von Fatah und  Hamas die Zerschlagung der neu gebildeten pal\u00e4stinensischen  Einheitsregierung, au\u00dferdem die Verhinderung von Wahlen im besetzten  Pal\u00e4stina und die Schw\u00e4chung der Hamas in Gaza. Was ja auch wie bekannt  vortrefflich gelang.<\/div>\n<div>Der &#8222;j\u00fcdische Staat&#8220; versteht es immer wieder, solche Tatsachen im  Schatten von Ereignissen zu verdrehen, wie auch schon bei fr\u00fcheren  Gaza-Angriffen &#8211; diesmal durch die Fu\u00dfball-WM, damals die US-Wahlen.  Immer hat die Hamas den Waffenstillstand gebrochen, immer sind die  Besetzten oder Abgeriegelten schuld. Der &#8222;j\u00fcdische Staat&#8220; will immer nur  seine Bev\u00f6lkerung verteidigen und will nur mit seinen Nachbarn in  Frieden leben.<\/div>\n<div>Mich erinnert das fatal an den 1. September 1939, als Hitler vor  dem Reichstag den Angriff auf Polen, also den Beginn des zweiten  Weltkriegs mit dem Satz begr\u00fcndete: &#8222;Ab 5:45 Uhr wird jetzt  zur\u00fcckgeschossen&#8220;. Dieser Vergleich fiel mir ein, nachdem sich nach  Demonstrationen in Berlin der israelische Botschafter in Deutschland,  Hadas-Handelsman, an Vorg\u00e4nge in Berlin im Jahr 1938 erinnert f\u00fchlte. So  kommen eben bei jedem verschiedene Erinnerungen hoch!<\/div>\n<div>\n<div><img loading=\"lazy\" decoding=\"async\" src=\"http:\/\/www.nrhz.de\/flyer\/media\/20605\/Botschafter_von_Israel.jpg\" alt=\"\" width=\"207\" height=\"207\" \/><br \/>\nIsraels Botschafter in Deutschland<br \/>\nYakov Hadas-Handelsman<\/p>\n<div>Quelle: wikipedia<br \/>\nFoto: Raimond Spekking<\/div>\n<\/div>\n<\/div>\n<p>Nicht die Hamas ist die Terrororganisation, sondern es ist der  israelische Staatsterror, der verzweifelte Menschen zu legitimem  Widerstand bringt. Immerhin gr\u00fcndete sich der &#8222;j\u00fcdische Staat&#8220; auf  j\u00fcdische Untergrund-Terroroganisationen wie &#8222;Irgun&#8220; und &#8222;Stern&#8220;, die  gegen Engl\u00e4nder und Pal\u00e4stinenser ihren Terror mit Anschl\u00e4gen  verbreiteten. Solange die Staatengemeinschaft diesen Doppelstandard der  Ungleichbehandlung durch den &#8222;j\u00fcdischen Staat&#8220; toleriert&#8220;, solange muss  es Widerstand geben. Wo Besatzung zu Recht wird, da wird Widerstand zur  Pflicht!<\/p>\n<div>Die Hamas hat auch vollkommen recht, wenn sie einem  Waffenstillstand nur zustimmt, wenn ihre legitimen Minimalforderungen  erf\u00fcllt werden, n\u00e4mlich: Beendigung der Blockade, \u00d6ffnung der  Grenz\u00fcberg\u00e4nge, freier Warenverkehr, freies Passieren f\u00fcr die Einwohner  und Freilassung der Gefangenen aus israelischer Willk\u00fcrhaft. Nicht mehr  und nicht weniger! H\u00e4tte man der Hamas die ausstehenden Gelder  \u00fcberwiesen, dann w\u00e4ren auch keine Raketen geflogen! L\u00e4ngst h\u00e4tte der  &#8222;j\u00fcdische Staat&#8220; Ruhe und Frieden, w\u00fcrde er nicht als Besatzer,  Landr\u00e4uber, Staatsterrorist, V\u00f6lkerm\u00f6rder und Blockierer agieren!<\/div>\n<div>Die sogenannten Friedensverhandlungen hat Israel durch immer neue  Vorbedingungen und Siedlungsaktivit\u00e4ten gewollt in &#8222;die Tonne getreten&#8220;.  Ohne Druck von au\u00dfen wird sich diese Staatsterrorpolitik von Israel  auch nie \u00e4ndern. Der &#8222;j\u00fcdische Staat&#8220; ist v\u00f6llig angewiesen auf US- und  EU-Gelder, dieser Hahn m\u00fcsste sofort zugedreht werden. Sanktionen gegen  den &#8222;j\u00fcdischen Staat&#8220; sind \u00fcberf\u00e4llig, ganz im Gegensatz zu denen gegen  Russland! Doch die sind<\/div>\n<div>leider nicht in Sicht, solange die USA und besonders Deutschland die israelische &#8222;Verteidigungspolitik&#8220; weiter unterst\u00fctzen!<\/div>\n<div>\n<img loading=\"lazy\" decoding=\"async\" src=\"http:\/\/www.nrhz.de\/flyer\/media\/20605\/Pussy%20Riot.jpg\" alt=\"\" width=\"442\" height=\"249\" \/><\/div>\n<div>Frauen der Punkband Pussy Riot \u2013 nach ihrer Freilassung in Ru\u00dfland<\/div>\n<div>NRhZ-Archiv<\/div>\n<div>Apropos: Zwei Pussy Riot-Mitglieder, Nadeschda Tolokonnikowa und  Maria Aljochina, bekamen in Bremen den Hannah Arendt-Preis der Heinrich  B\u00f6ll Stiftung und der Stadt Bremen f\u00fcr ihren Widerstand gegen die  &#8222;reaktion\u00e4re Wende&#8220; in Russland! Ich stelle mir vor zwei &#8222;singende  Hupfdulen&#8220; h\u00e4tten sich in einer Synagoge so blasphemisch benommen. Sie  h\u00e4tten in Deutschland zwar keine Verurteilung zu Zwangsarbeit und  Straflager bekommen, aber eine Anzeige und strafrechtliche Verurteilung  sicher auch.<\/div>\n<div>Im Jahr 2014, also 69 Jahre nach Kriegsende, muss es m\u00f6glich sein,  Kritik zu \u00fcben an der Politik des &#8222;j\u00fcdischen Staates&#8220;, ohne diese als  Antisemitismus und Judenhass zu deklarieren.<\/div>\n<div>Umso bedauerlicher, wenn auch SPD-Justizminister Maas nach einer  Preisverleihung der Union Progressiver Juden an sein Ministerium  eilfertig &#8222;antisemitische T\u00f6ne&#8220; und &#8222;judenfeindliche Hassparolen&#8220; bei  Demonstrationen verurteilt, und dann noch einmal nachlegt, indem er  sagt: &#8222;Wer sich auf diese Art und Weise mit dem Judentum anlegt, der  legt sich auch mit dem deutschen Rechtsstaat an.&#8220;<\/div>\n<div>In Berlin solidarisierten sich auf einer Gegenkundgebung zur &#8222;Al  Quds&#8220;- (Jerusalem) Demonstration Prominente &#8211; vom Ex-DGB Chef Sommer  \u00fcber Volker Beck von den Gr\u00fcnen bis zu Dirk Niebel (wollte der gleich  einen Waffendeal in seiner neuen Funktion als R\u00fcstungslobbyist  einf\u00e4deln?) mit dem &#8222;j\u00fcdischen Staat&#8220;. Warum h\u00f6re ich keine Solidarit\u00e4t  von ma\u00dfgeblichen deutschen Politikern mit den pal\u00e4stinensischen  Ermordeten? Unertr\u00e4glich finde ich, dass Politiker von Maas, bis  Stegner, von Merkel bis Bosbach und Kauder usw. einzelne &#8222;Entgleisungen&#8220;  als &#8222;gewaltig&#8220; erw\u00e4hnen &#8211; ganz im Sinne ihrer j\u00fcdisch-israelischen  Vordenker -, die mit wissenschaftlich begleiteter Propaganda diesen  Antisemitismus-Vorwurf jetzt gezielt einsetzen.<\/div>\n<div>\n<div><img loading=\"lazy\" decoding=\"async\" src=\"http:\/\/www.nrhz.de\/flyer\/media\/20605\/BosbachWolfgang.jpg\" alt=\"\" width=\"244\" height=\"244\" \/><br \/>\nWolfgang Bosbach: &#8222;Wir haben eine<br \/>\nchristlich-j\u00fcdische Tradition&#8220;<\/p>\n<div>NRhZ-Archiv<\/div>\n<\/div>\n<\/div>\n<p>Besonders verwerflich finde ich es, wenn Bosbach, der Vor- sitzende des  Innenausschusses im Bundestag, der Mann f\u00fcr alle F\u00e4lle und &#8222;Schw\u00e4tzer  vom Dienst&#8220;, eilfertig zu jedem Thema &#8211; vom eigenen Krebs bis zur  Politik &#8211; in fast allen Talk Shows &#8222;den islamistischen Antisemitismus in  den Eintopf einer unheiligen Koalition mit Teilen der politischen  Linken und mit Neonazis zusammen mischt&#8220;. Damit treibt Bosbach, wie ich  meine, ein gef\u00e4hrliches Diffamierungsspiel. In diesem DLF-Interview  gelang es ihm, seinem &#8222;Parteifreund&#8220; Ex-Bundespr\u00e4sident Wulff und dessen  damaligem Satz: &#8222;Der Islam geh\u00f6rt auch zu Deutschland&#8220;, eins  auszuwischen. Er, Bosbach habe Probleme mit dem Satz: &#8222;Wir sind ein Land  mit einer christlichen Tradition und wir haben eine christlich-j\u00fcdische  Tradition&#8220;. So ist das also. Und Bosbach meinte auch noch, dass mit der  Zuwanderung &#8222;islamistischer Antisemitismus importiert wird&#8220;. Damit sind  wir wieder beim Ausgangspunkt der philosemitschen Kultur der  &#8222;christlichen Zionisten&#8220;, deren Schleimspur sich durch alle Parteien  zieht, wie ich einmal schrieb. Hoffentlich rutschen sie alle einmal  darauf aus!<\/p>\n<div>Besonders aufmerksam h\u00f6rte ich zu, als der &#8222;Bundesgauckler&#8220; mit  l\u00e4chelndem &#8222;Halleluja-Blick, beinahe &#8222;frohlockend&#8220; den Antisemitismus  verurteilte, mehr Zivilcourage von den Deutschen forderte und von den  Juden in Deutschland, als &#8222;diese Menschen sollen sich doch hier sicher  und wohlf\u00fchlen&#8220; sprach. Ob sich &#8222;diese Menschen&#8220; wohlf\u00fchlen, was f\u00fcr  eine Ausdrucksweise!<\/div>\n<div>Deshalb warne ich vor einer Sonderbehandlung deutscher B\u00fcrger  j\u00fcdischen Glaubens. Sie sind Staatsb\u00fcrger mit den selben Rechten und  Pflichten wie jeder andere Deutsche!<\/div>\n<div>Allerdings wird es problematisch, und da sind wir wieder beim  Ausgangspunkt, wenn sich j\u00fcdische B\u00fcrger nicht gegen j\u00fcdisch\/israelische  Kriegsverbrechen stellen, sondern sich mit diesen solidarisieren. Dann  d\u00fcrfen sie sich auch nicht wundern, wenn sie daf\u00fcr als Juden, die den  &#8222;j\u00fcdischen Staat&#8220; und seinen Staatsterror gegen Pal\u00e4stinenser, als Juden  in Mithaftung genommen werden.<\/p>\n<p>Deswegen stelle ich mich gegen diese Bild-Kampagne mit der gesamten  &#8222;deutschen Elite&#8220; aus Wirtschaft und Showgesch\u00e4ft. Deswegen stelle ich  mich gegen diese israelischen und j\u00fcdischen Funktionstr\u00e4ger und \u00fcblichen  Protagonisten, von Wolffsohn, Seligmann &#8222;dem Musterjuden&#8220;, Brumlik,  Tsch\u00f6ps und anderen, die ganz bewusst Antisemitismus, Judenhass,  Israel-Kritik und Antizionismus in einen Topf vermischen und daraus ihre  giftige Suppe kochen, um abzulenken von j\u00fcdisch\/israelischen  Kriegsverbrechen. Nicht in meinem Namen! Das darf ihnen nicht gelingen,  daran sollten auch pal\u00e4stinensische und muslimische Verb\u00e4nde denken,  wenn sie sich sofort rechtfertigen zu m\u00fcssen meinen, wenn sie  angegriffen werden.<\/p>\n<p><img loading=\"lazy\" decoding=\"async\" src=\"http:\/\/www.nrhz.de\/flyer\/media\/20605\/Kostas%20Gaza%20%282%29.jpg\" alt=\"\" width=\"449\" height=\"323\" \/><br \/>\nWechsel zwischen Angriff und Feuerpause in Gaza<br \/>\nKarikatur: Kostas Koufogiorgos<\/div>\n<div>Ja, Israel, der &#8222;j\u00fcdische Staat&#8220; ist auch ein Kinderm\u00f6rder, ja,  Israel begeht Kriegsverbrechen und die daf\u00fcr Verantwortlichen geh\u00f6ren  vor das Haager Kriegsverbrecher-Tribunal. Davon darf durch diese  uns\u00e4gliche Antisemitismus-Kampagne nicht abgelenkt werden. Auf diese  Kampagne sollten wir nicht hereinfallen.<\/div>\n<div>Gehen Sie alle mit erhobenem Haupt auf Demonstrationen gegen den V\u00f6lkermord in Gaza! Lassen Sie sich nicht einsch\u00fcchtern!<\/div>\n<div>Das ist Ihr, unser aller Recht als Staatsb\u00fcrger in Deutschland.<\/div>\n<div>Dieses Recht verweigert die &#8222;einzige Demokratie&#8220; im Nahen Osten,  der &#8222;j\u00fcdische Staat&#8220;, allerdings den Pal\u00e4stinensern im besetzten  Westjordanland. Es gab inzwischen auch dort schon bis heute 8 Ermordete  nach Solidarit\u00e4tsdemonstrationen f\u00fcr die Pal\u00e4stinenser in Gaza.<\/div>\n<div>Die Lufthansa hat inzwischen gegen den Rat der Vereinigung  &#8222;Cockpit&#8220;, also den Piloten, den Flugverkehr wieder aufgenommen.  Wahrscheinlich musste sie das wegen politischem und wirtschaftlichem  Druck. Denn hier widerspricht sich die israelische Regierung wieder  einmal: Sind die Hamas-Raketen nun gef\u00e4hrlich oder nicht? Der &#8222;j\u00fcdische  Staat&#8220; hat den Iron Dome zur Abwehr, ist also nicht gef\u00e4hrdet, oder  doch? Was stimmt nun? Immerhin schlug eine der Raketen neben dem Ben  Gurion-Flughafen in Tel Aviv ein und zerst\u00f6rte ein Haus.<\/div>\n<div>Ich finde sowieso, dass es sich jeder Reisende zweimal \u00fcberlegen  sollte, ob er in den &#8222;j\u00fcdischen Besatzer-Staat Israel&#8220; reisen sollte,  und wenn schon, dann in die besetzten Gebiete, um die Pal\u00e4stinenser zu  unterst\u00fctzen, die jeden Cent brauchen!<\/div>\n<div>\n<img loading=\"lazy\" decoding=\"async\" src=\"http:\/\/www.nrhz.de\/flyer\/media\/20605\/gaza-krieg%202.jpg\" alt=\"\" width=\"442\" height=\"287\" \/><\/div>\n<div>Was macht Israel weiter mit Gaza?<\/div>\n<div>NRhZ-Archiv<\/div>\n<div>W\u00e4hrend ich diesen Kommentar schreibe, neigt sich die 12st\u00fcndige  Waffenruhe dem Ende zu. Aber Israel durfte trotzdem weiter Tunnel  bombardieren, und die Zahl der Ermordeten in Gaza ist mittlerweile auf  1000 Ermordete gestiegen. Hilfskr\u00e4fte fanden auch noch 85 Leichen unter  den zerbombten H\u00e4usern.<\/div>\n<div>In Paris verhandeln US-Au\u00dfenminister Kerry (lt. Haaretz &#8222;der  Nebbich&#8220;) und EU-Au\u00dfenminister \u00fcber eine 4-st\u00fcndige Verl\u00e4ngerung der  Waffenruhe und einen Waffenstillstand von l\u00e4ngerer Dauer! Und was dann?<\/div>\n<div>Ich f\u00fchle mich hilflos und machtlos. Uns bleiben nur die Proteste!<\/div>\n<div>Solidarit\u00e4t mit Gaza, wir sind alle Pal\u00e4stinenser!<\/div>\n<div>Free Palestine!\u00a0(PK)<\/p>\n<div><em>Evelyn Hecht-Galinski ist Publizistin und Autorin. Ihre   Kommentare f\u00fcr die NRhZ schreibt sie regelm\u00e4\u00dfig vom &#8222;Hochblauen&#8220;, dem   1165 m hohen &#8222;Hausberg&#8220; im Badischen, wo sie mit ihrem Mann Benjamin   Hecht lebt.<br \/>\nAm 26. September wird sie \u00a0f\u00fcr ihre mutigen Texte gegen die   Menschenrechtsverletzungen durch die israelische Regierung und f\u00fcr einen   gerechten Frieden mit dem vierten K\u00f6lner Karls-Preis ausgezeichnet.<\/em><\/div>\n<div><em>2012 kam ihr Buch &#8222;Das elfte Gebot: Israel darf alles&#8220; heraus.   Erschienen im tz-Verlag, ISBN 978-3940456-51-9 (print), Preis 17,89   Euro.http\/\/sicht-vom-hochblauen.de <\/em><\/div>\n<\/div>\n<p><span>Online-Flyer Nr. 469\u00a0 vom 30.07.2014<\/span><\/p>\n<p>http:\/\/www.nrhz.de\/flyer\/beitrag.php?id=20605<\/p>\n","protected":false},"excerpt":{"rendered":"<p>Kommentar vom &#8222;Hochblauen&#8220; Antisemitismus-Kampagne als Ablenkungsman\u00f6ver! Von Evelyn Hecht-Galinski Es ist Samstag der 26. Juli und ich sitze hier fast gel\u00e4hmt vor Wut und Trauer \u00fcber die deutsche Wirklichkeit. Der &#8222;j\u00fcdische Staat&#8220; begeht V\u00f6lkermord und Kriegsverbrechen. Ohne R\u00fccksicht auf die muslimische oder christliche Bev\u00f6lkerung in Israel wird auf die Anerkennung als &#8222;j\u00fcdischer Staat&#8220; bestanden. Durch &hellip; <a href=\"https:\/\/www.friedensplattform.at\/?p=3474\" class=\"more-link\"><span class=\"screen-reader-text\">Antisemitismus-Kampagne als Ablenkungsman&#246;ver!<\/span> weiterlesen <span class=\"meta-nav\">&rarr;<\/span><\/a><\/p>\n","protected":false},"author":3,"featured_media":0,"comment_status":"open","ping_status":"open","sticky":false,"template":"","format":"standard","meta":{"footnotes":""},"categories":[17],"tags":[],"class_list":["post-3474","post","type-post","status-publish","format-standard","hentry","category-meinung"],"_links":{"self":[{"href":"https:\/\/www.friedensplattform.at\/index.php?rest_route=\/wp\/v2\/posts\/3474","targetHints":{"allow":["GET"]}}],"collection":[{"href":"https:\/\/www.friedensplattform.at\/index.php?rest_route=\/wp\/v2\/posts"}],"about":[{"href":"https:\/\/www.friedensplattform.at\/index.php?rest_route=\/wp\/v2\/types\/post"}],"author":[{"embeddable":true,"href":"https:\/\/www.friedensplattform.at\/index.php?rest_route=\/wp\/v2\/users\/3"}],"replies":[{"embeddable":true,"href":"https:\/\/www.friedensplattform.at\/index.php?rest_route=%2Fwp%2Fv2%2Fcomments&post=3474"}],"version-history":[{"count":0,"href":"https:\/\/www.friedensplattform.at\/index.php?rest_route=\/wp\/v2\/posts\/3474\/revisions"}],"wp:attachment":[{"href":"https:\/\/www.friedensplattform.at\/index.php?rest_route=%2Fwp%2Fv2%2Fmedia&parent=3474"}],"wp:term":[{"taxonomy":"category","embeddable":true,"href":"https:\/\/www.friedensplattform.at\/index.php?rest_route=%2Fwp%2Fv2%2Fcategories&post=3474"},{"taxonomy":"post_tag","embeddable":true,"href":"https:\/\/www.friedensplattform.at\/index.php?rest_route=%2Fwp%2Fv2%2Ftags&post=3474"}],"curies":[{"name":"wp","href":"https:\/\/api.w.org\/{rel}","templated":true}]}}