{"id":349,"date":"2008-09-13T11:04:13","date_gmt":"2008-09-13T09:04:13","guid":{"rendered":"http:\/\/www.luxorbis.org\/friedensplattform.at\/?p=349"},"modified":"2008-09-13T11:04:13","modified_gmt":"2008-09-13T09:04:13","slug":"artikel-in-der-frankfurter-rundschau-todliches-erbe","status":"publish","type":"post","link":"https:\/\/www.friedensplattform.at\/?p=349","title":{"rendered":"Artikel in der Frankfurter Rundschau: T&#246;dliches Erbe"},"content":{"rendered":"<p>Atomwaffen<br \/>\n<strong>T\u00f6dliches Erbe<\/strong><br \/>\n<em>VON GIORGIO FRANCESCHINI<\/em><\/p>\n<p>In den schwierigen Beziehungen zwischen Russland und dem Westen wird h\u00e4ufig deren atomare Dimension \u00fcbersehen, die einen bedrohlichen Schatten auf Europa wirft. Moskau st\u00f6\u00dft sich n\u00e4mlich nicht nur an den Raketenabwehrpl\u00e4nen in Polen und Tschechien, sondern auch an den verbleibenden US-amerikanischen Atombomben, die nach wie vor quer \u00fcber dem europ\u00e4ischen Kontinent stationiert sind. Beide Umst\u00e4nde dienen dem Kreml als willkommenen Vorwand seinerseits eine betr\u00e4chtliche Zahl taktischer Nuklearwaffen offensiv zu stationieren, in nicht unerheblicher Zahl auch an Russlands europ\u00e4ischer Flanke.<\/p>\n<p><a title=\"Frankurter Rundschau\" href=\"http:\/\/www.fr-online.de\/in_und_ausland\/politik\/dokumentation\/?em_cnt=1591071&amp;em_cnt_page=1\" target=\"_blank\">Weiterlesen auf den Seiten der Frankfurter Rundschau<\/a><\/p>\n","protected":false},"excerpt":{"rendered":"<p>Atomwaffen T\u00f6dliches Erbe VON GIORGIO FRANCESCHINI In den schwierigen Beziehungen zwischen Russland und dem Westen wird h\u00e4ufig deren atomare Dimension \u00fcbersehen, die einen bedrohlichen Schatten auf Europa wirft. Moskau st\u00f6\u00dft sich n\u00e4mlich nicht nur an den Raketenabwehrpl\u00e4nen in Polen und Tschechien, sondern auch an den verbleibenden US-amerikanischen Atombomben, die nach wie vor quer \u00fcber dem &hellip; <a href=\"https:\/\/www.friedensplattform.at\/?p=349\" class=\"more-link\"><span class=\"screen-reader-text\">Artikel in der Frankfurter Rundschau: T&#246;dliches Erbe<\/span> weiterlesen <span class=\"meta-nav\">&rarr;<\/span><\/a><\/p>\n","protected":false},"author":1,"featured_media":0,"comment_status":"open","ping_status":"open","sticky":false,"template":"","format":"standard","meta":{"footnotes":""},"categories":[1],"tags":[],"class_list":["post-349","post","type-post","status-publish","format-standard","hentry","category-allgemein"],"_links":{"self":[{"href":"https:\/\/www.friedensplattform.at\/index.php?rest_route=\/wp\/v2\/posts\/349","targetHints":{"allow":["GET"]}}],"collection":[{"href":"https:\/\/www.friedensplattform.at\/index.php?rest_route=\/wp\/v2\/posts"}],"about":[{"href":"https:\/\/www.friedensplattform.at\/index.php?rest_route=\/wp\/v2\/types\/post"}],"author":[{"embeddable":true,"href":"https:\/\/www.friedensplattform.at\/index.php?rest_route=\/wp\/v2\/users\/1"}],"replies":[{"embeddable":true,"href":"https:\/\/www.friedensplattform.at\/index.php?rest_route=%2Fwp%2Fv2%2Fcomments&post=349"}],"version-history":[{"count":0,"href":"https:\/\/www.friedensplattform.at\/index.php?rest_route=\/wp\/v2\/posts\/349\/revisions"}],"wp:attachment":[{"href":"https:\/\/www.friedensplattform.at\/index.php?rest_route=%2Fwp%2Fv2%2Fmedia&parent=349"}],"wp:term":[{"taxonomy":"category","embeddable":true,"href":"https:\/\/www.friedensplattform.at\/index.php?rest_route=%2Fwp%2Fv2%2Fcategories&post=349"},{"taxonomy":"post_tag","embeddable":true,"href":"https:\/\/www.friedensplattform.at\/index.php?rest_route=%2Fwp%2Fv2%2Ftags&post=349"}],"curies":[{"name":"wp","href":"https:\/\/api.w.org\/{rel}","templated":true}]}}