{"id":3495,"date":"2014-08-03T22:41:50","date_gmt":"2014-08-03T20:41:50","guid":{"rendered":"http:\/\/www.luxorbis.org\/friedensplattform.at\/?p=3495"},"modified":"2014-08-03T22:41:50","modified_gmt":"2014-08-03T20:41:50","slug":"video-6-jugendliche-in-gaza-stadt-exekutiert","status":"publish","type":"post","link":"https:\/\/www.friedensplattform.at\/?p=3495","title":{"rendered":"Israel-Pal&#228;stina: Wen interessiert es?"},"content":{"rendered":"<p>Noch immer wird die Begr\u00fcndung des       einseitigen totalen Krieges Israels gegen Gaza \u2013 einem von Israel       zu Land Luft und Wasser belagerten Freiluftgef\u00e4ngnis &#8211; der legitim       gew\u00e4hlten Hamas bzw. ihrem milit\u00e4rischen Fl\u00fcgel zugerechnet, die       die 3 Talmudsch\u00fcler Anfang Juni im Westjordanland ermordet haben       soll. Von Johann Sch\u00f6gler<\/p>\n<p><!--more--><\/p>\n<p style=\"margin-bottom:0cm\">\u201eInzwischen hat Polizeisprecher Micky       Rosenfeld gegen\u00fcber der BBC einger\u00e4umt, dass die T\u00e4ter ohne Wissen       der Hamas-F\u00fchrung auf eigene Faust gehandelt hatten. In der       aktuellen Kriegsberichterstattung in Israel ist dieses       Eingest\u00e4ndnis       bislang aber fast komplett untergegangen\u201c(<a href=\"http:\/\/spiegel.de\" target=\"_blank\">spiegel.de<\/a> 28.Juli) Und       im Rest der Welt? Auch kein Zufall.<\/p>\n<p style=\"margin-bottom:0cm\">\n<p style=\"margin-bottom:0cm\">Wen hat es interessiert, dass es nicht       stimmte, als G.W. Bush einen katastrophalen Krieg gegen Saddam       Hussein mit dem Vorwand begann, dieser Diktator habe       Massenvernichtungswaffen und sei eine Bedrohung f\u00fcr die       Menschheit?       Die gr\u00f6\u00dften Presseagenturen haben es hinausposaunt und die       vorherrschenden Medien haben rund um die Welt kritiklos       eingestimmt       und die gr\u00f6\u00dften Antikriegsdemonstrationen ausgeblendet.<\/p>\n<p style=\"margin-bottom:0cm\">\n<p style=\"margin-bottom:0cm\">Wen wird es interessieren \u2013 sollte       die Wahrheit in n\u00e4chster Zeit in die \u00d6ffentlichkeit kommen &#8211; wer       oder was tats\u00e4chlich f\u00fcr den Absturz der malaysischen       Passagiermaschine MH17 verantwortlich ist? Hauptsache der       US-Geheimdienst hat die Schuldigen unter den prorussischen Milizen       in       der Ostukraine ausgemacht, Hauptsache die Maschinerie gegen Putin       l\u00e4uft in Richtung Ost-West Konflikt. Diesmal Kapitalismus gegen       Kapitalismus, der wohl aus seiner schwersten Krise seit 1929       wieder       nur durch einen Krieg herauszukommen versucht. \u201eStoppt Putin       jetzt\u201c       ist aus den Kriegs treibenden M\u00fcndern zu h\u00f6ren. Allein die damit       verbundene mediale Ablenkung des Krieges gegen Gaza wird solange       dauern wie Israel Gaza bombardiert. Interessant in diesem       Zusammenhang ist auch die Erkl\u00e4rung des ukrainischen Pr\u00e4sidenten       Poroschenko, er m\u00f6chte aus der Ukraine ein zweites Israel machen.       M\u00f6glicherweise haben sich die Geheimdienste jetzt schon       koordiniert.<\/p>\n<p style=\"margin-bottom:0cm\">\n<p style=\"margin-bottom:0cm\">Die Bilder der Aufr\u00e4umarbeiten und       Bergung von Leichen w\u00e4hrend der Feuerpause haben in Gaza das       schreckliche Ausma\u00df der totalen Zerbombung ganzer Stadtviertel       gezeigt und m\u00f6gen die Leute bewegen oder w\u00fctend machen, aber       Mitleid und Wut sind keine politischen Kategorien und bedienen       hier       auch nur eine feindliche antisemitische Grundhaltung, indem die       Wut       gegen den Aggressor sich nicht verhindern l\u00e4sst. Die       antisemitischen       Zwischenf\u00e4lle auf dem Fu\u00dfballfeld in Tirol geh\u00f6ren in diese       Kategorie und sind strengstens zu verurteilen, ebenso wie       \u00dcbergriffe       auf j\u00fcdische Gesch\u00e4fte oder auf Synagogen wie sie vereinzelt in       Frankreich nach dem friedlichen Abschluss von Demonstrationen &#8211; in       denen die Polizei provoziert hatte \u2013 vorkamen, um weitere       Demonstrationen verbieten zu k\u00f6nnen.<\/p>\n<p style=\"margin-bottom:0cm\">Dass unser Bundespr\u00e4sident zu den       Vorf\u00e4llen auf dem Fu\u00dfballfeld sofort Stellung nahm ist rechtens,       nur unverst\u00e4ndlich ist, dass er bis heute kein Wort zum Gr\u00e4uel       haften Vorgehen Israels gegen\u00fcber der eingeschlossenen Bev\u00f6lkerung       in Gaza \u00fcber die Lippen brachte.<\/p>\n<p style=\"margin-bottom:0cm\">\n<p style=\"margin-bottom:0cm\">Mit \u201eIsrael habe ein Recht auf       Verteidigung\u201c billigt Obama das brutale Vorgehen in Gaza und seine       Worte des Aufh\u00f6rens sind reine diplomatische Floskeln.<\/p>\n<p style=\"margin-bottom:0cm\">Die aus dem Gazastreifen von       militanten       Widerstandsk\u00e4mpfern abgefeuerten zig-tausend Raketen \u2013       Schreckschussraketen &#8211; in Richtung Israel liefern der israelischen       Seite erst eine \u00f6ffentliche Legitimation f\u00fcr ihr Vorgehen.       Milit\u00e4risch sind sie eine Null. Keiner der 53 get\u00f6teten       israelischen Soldaten war dadurch umgekommen. Netanjahu hat auch       seine ganze Legitimation f\u00fcr diesen einseitigen Krieg (bisher 1100       Tote Pal\u00e4stinenser , Zweidrittel Zivilisten und auf der anderen       Seite 53 israelische Soldaten und 3 Zivilisten) darauf aufgebaut.<\/p>\n<p style=\"margin-bottom:0cm\">Die Hamas f\u00fchlt sich in die Enge       getrieben und versucht sich verzweifelt zu wehren, nachdem der       wichtigste Verb\u00fcndete Mursi in \u00c4gypten von General Al-Sissi mit US       und Israels Unterst\u00fctzung vor einem Jahr weg geputscht worden war.       Die monatelangen US-Friedensgespr\u00e4che Kerrys waren wie zu erwarten       im April gescheitert und die Einheitsregierung zwischen Fatah und       Hamas war der israelischen Regierung ein Dorn im Auge, denn es       h\u00e4tte       einen Friedensplan geben k\u00f6nnen, den Israel nicht will. Also Krieg       und ein Vorwand muss her.<\/p>\n<p style=\"margin-bottom:0cm\">\n<p style=\"margin-bottom:0cm\">L\u00f6sbar ist der seit Jahrzehnten       dauernde Konflikt, der Widerstand der Pal\u00e4stinenser gegen       Vertreibung, Besatzung, Unterdr\u00fcckung, Apartheid und einen Krieg       alle paar Jahre seitens der Kolonialmacht Israels nur politisch       und       nicht milit\u00e4risch.<\/p>\n<p style=\"margin-bottom:0cm\">\n<p style=\"margin-bottom:0cm\">Entweder Israel akzeptiert, dass die       Pal\u00e4stinenser einen eigenen souver\u00e4nen lebensf\u00e4higen Staat nach       den Grenzen von 1967 bekommen, oder Israel akzeptiert, dass es       einen       bi-nationalen laizistischen Staat gibt, in welchem alle auf diesem       Gebiet Lebenden das gleiche Stimmrecht haben. Nun, in Israel ist       Netanjahu mit seiner rechtslastigen und rechtsextrem unter Druck       stehenden Regierung weder bereit das Eine noch das Andere zu       akzeptieren und setzt auf den \u00fcberlegenen Milit\u00e4rapparat, um den       legitimen Widerstand der Pal\u00e4stinenser im Kampf um ihre Rechte zu       brechen.<\/p>\n<p style=\"margin-bottom:0cm\">\n<p style=\"margin-bottom:0cm\">Johann Sch\u00f6gler Graz       29. Juli 2014<\/p>\n","protected":false},"excerpt":{"rendered":"<p>Noch immer wird die Begr\u00fcndung des einseitigen totalen Krieges Israels gegen Gaza \u2013 einem von Israel zu Land Luft und Wasser belagerten Freiluftgef\u00e4ngnis &#8211; der legitim gew\u00e4hlten Hamas bzw. ihrem milit\u00e4rischen Fl\u00fcgel zugerechnet, die die 3 Talmudsch\u00fcler Anfang Juni im Westjordanland ermordet haben soll. Von Johann Sch\u00f6gler<\/p>\n","protected":false},"author":3,"featured_media":0,"comment_status":"open","ping_status":"open","sticky":false,"template":"","format":"standard","meta":{"footnotes":""},"categories":[5],"tags":[],"class_list":["post-3495","post","type-post","status-publish","format-standard","hentry","category-arabischer-raum"],"_links":{"self":[{"href":"https:\/\/www.friedensplattform.at\/index.php?rest_route=\/wp\/v2\/posts\/3495","targetHints":{"allow":["GET"]}}],"collection":[{"href":"https:\/\/www.friedensplattform.at\/index.php?rest_route=\/wp\/v2\/posts"}],"about":[{"href":"https:\/\/www.friedensplattform.at\/index.php?rest_route=\/wp\/v2\/types\/post"}],"author":[{"embeddable":true,"href":"https:\/\/www.friedensplattform.at\/index.php?rest_route=\/wp\/v2\/users\/3"}],"replies":[{"embeddable":true,"href":"https:\/\/www.friedensplattform.at\/index.php?rest_route=%2Fwp%2Fv2%2Fcomments&post=3495"}],"version-history":[{"count":0,"href":"https:\/\/www.friedensplattform.at\/index.php?rest_route=\/wp\/v2\/posts\/3495\/revisions"}],"wp:attachment":[{"href":"https:\/\/www.friedensplattform.at\/index.php?rest_route=%2Fwp%2Fv2%2Fmedia&parent=3495"}],"wp:term":[{"taxonomy":"category","embeddable":true,"href":"https:\/\/www.friedensplattform.at\/index.php?rest_route=%2Fwp%2Fv2%2Fcategories&post=3495"},{"taxonomy":"post_tag","embeddable":true,"href":"https:\/\/www.friedensplattform.at\/index.php?rest_route=%2Fwp%2Fv2%2Ftags&post=3495"}],"curies":[{"name":"wp","href":"https:\/\/api.w.org\/{rel}","templated":true}]}}