{"id":35,"date":"2006-10-02T20:24:33","date_gmt":"2006-10-02T18:24:33","guid":{"rendered":"http:\/\/www.luxorbis.org\/friedensplattform.at\/?p=35"},"modified":"2006-10-02T20:24:33","modified_gmt":"2006-10-02T18:24:33","slug":"asf-treffen-am-14-oktober-in-graz","status":"publish","type":"post","link":"https:\/\/www.friedensplattform.at\/?p=35","title":{"rendered":"ASF Treffen am 14. Oktober in Graz"},"content":{"rendered":"<p><strong>Liebe ASFlerInnen!<\/strong><\/p>\n<p>Am <strong>Sa.14. Oktober<\/strong> findet in Graz das erste bundesweite Treffen nach dem 3. Sozialforum statt.<br \/>\n<strong> ORT: ISOP; Dreihackengasse 2;<\/strong><br \/>\nvon 11 Uhr bis 17 Uhr ( siehe Wegbeschreibung weiter unten)<br \/>\nWer zu diesem Termin nicht kommen kann und trotzdem zu den Einsch\u00e4tzungen einen Beitrag liefern k\u00f6nnte, m\u00f6ge sich per Mailingliste einklinken.<\/p>\n<p><strong> Vorschlag f\u00fcr die Tagesordnung:<\/strong><br \/>\n11 Uhr bis 12 Uhr<br \/>\nBegr\u00fc\u00dfung kurzes einleitendes Resumee des 3.ASF, Diskussion ; Kritik; Ausblick<br \/>\nAnvisierung eines n\u00e4chsten Termins \u00f6sterreichweit.<br \/>\nBericht \u00fcber Stand und Ausblick des ESF<br \/>\n12 Uhr bis 13 Uhr<br \/>\nDas Ergebnis der Nationalratswahlen und ihre Folgen f\u00fcr die sozialen Bewegungen &#8211; kurze Inputs und allgemeine Diskussion<br \/>\n13 Uhr bis 13 Uhr 30<br \/>\nPAUSE<br \/>\n13 Uhr 30 bis 15 Uhr 30<br \/>\nDie Antwort der sozialen Bewegungen (Arbeit in Arbeitsgruppen)<\/p>\n<p><strong> Bislang gibt es drei Vorschl\u00e4ge:<\/strong><br \/>\n* Asylgesetze \/ ImmigrantInnen \/ Fremdenha\u00df\/&#8230;<br \/>\n* &#8211; soziale Aspekte \/ \u00d6GB-&#8222;Reformproze\u00df&#8220; \/ Ideen f\u00fcr eine &#8222;alternative Gewerkschafterinnen-Konferenz im November oder Dezember &#8211; in Hinblick auf den \u00d6GB-Kongre\u00df J\u00e4nner 2007<br \/>\n* &#8211; EU-Verfassungsproze\u00df und m\u00f6gliche Alternativen<br \/>\nab 15 Uhr 30 Plenum:<br \/>\nBerichte aus den Arbeitsgruppen mit einer Zusammenfassung als gemeinsame Erkl\u00e4rung der Beteiligten.<br \/>\nEnde 17 Uhr<\/p>\n<p>F\u00fcr die Grazer Gruppe: Johann Sch\u00f6gler; Veronika Rochhart; Markus Lampel; Franz S\u00f6lkner<br \/>\nF\u00fcr die Wiener Gruppe: Hermann Dworczak; Andi Novak; Ronald Jesenko; Leo Gabriel\u2026\u2026.<br \/>\n(Nachdem von Graz der erste Terminvorschlag mit 21.10. kam und nach R\u00fccksprache mit Wien und Salzburg der 14.10 bzw. 4. 11. vorgeschlagen worden waren, haben wir in Graz den g\u00fcnstigeren Termin d.h. den 14. 10. reserviert. Am 26. 9. einigten sich die Grazer und Wiener Gruppe nach Besprechungen auf den 14. November.)<\/p>\n<p>Genaue Wegbeschreibung:<br \/>\ndas erste bundesweite ASF-Treffen nach dem 3. ASF in Graz findet am Sa.14. Oktober 2006 von 11 Uhr bist 17 Uhr in der ISOP statt. Adresse: Dreihackengasse 2<br \/>\nErreichbarkeit vom Hauptbahnhof:<br \/>\nJede Sta\u00dfenbahn, vom Hauptbahnhof (\u00fcber die Annenstra\u00dfe Richtung Hauptplatz) bis zur Haltestelle Roseggerhaus (3. Haltestelle );<br \/>\nHier rechts (Flu\u00dfabw\u00e4rts) die Elisabethinergasse 200 m; dann die erste Gasse (100 m) nach links und dann die erste Gasse (100m) nach rechts.<\/p>\n","protected":false},"excerpt":{"rendered":"<p>Liebe ASFlerInnen! Am Sa.14. Oktober findet in Graz das erste bundesweite Treffen nach dem 3. Sozialforum statt. ORT: ISOP; Dreihackengasse 2; von 11 Uhr bis 17 Uhr ( siehe Wegbeschreibung weiter unten) Wer zu diesem Termin nicht kommen kann und trotzdem zu den Einsch\u00e4tzungen einen Beitrag liefern k\u00f6nnte, m\u00f6ge sich per Mailingliste einklinken. Vorschlag f\u00fcr &hellip; <a href=\"https:\/\/www.friedensplattform.at\/?p=35\" class=\"more-link\"><span class=\"screen-reader-text\">ASF Treffen am 14. Oktober in Graz<\/span> weiterlesen <span class=\"meta-nav\">&rarr;<\/span><\/a><\/p>\n","protected":false},"author":1,"featured_media":0,"comment_status":"open","ping_status":"open","sticky":false,"template":"","format":"standard","meta":{"footnotes":""},"categories":[7],"tags":[],"class_list":["post-35","post","type-post","status-publish","format-standard","hentry","category-asf-bewegung"],"_links":{"self":[{"href":"https:\/\/www.friedensplattform.at\/index.php?rest_route=\/wp\/v2\/posts\/35","targetHints":{"allow":["GET"]}}],"collection":[{"href":"https:\/\/www.friedensplattform.at\/index.php?rest_route=\/wp\/v2\/posts"}],"about":[{"href":"https:\/\/www.friedensplattform.at\/index.php?rest_route=\/wp\/v2\/types\/post"}],"author":[{"embeddable":true,"href":"https:\/\/www.friedensplattform.at\/index.php?rest_route=\/wp\/v2\/users\/1"}],"replies":[{"embeddable":true,"href":"https:\/\/www.friedensplattform.at\/index.php?rest_route=%2Fwp%2Fv2%2Fcomments&post=35"}],"version-history":[{"count":0,"href":"https:\/\/www.friedensplattform.at\/index.php?rest_route=\/wp\/v2\/posts\/35\/revisions"}],"wp:attachment":[{"href":"https:\/\/www.friedensplattform.at\/index.php?rest_route=%2Fwp%2Fv2%2Fmedia&parent=35"}],"wp:term":[{"taxonomy":"category","embeddable":true,"href":"https:\/\/www.friedensplattform.at\/index.php?rest_route=%2Fwp%2Fv2%2Fcategories&post=35"},{"taxonomy":"post_tag","embeddable":true,"href":"https:\/\/www.friedensplattform.at\/index.php?rest_route=%2Fwp%2Fv2%2Ftags&post=35"}],"curies":[{"name":"wp","href":"https:\/\/api.w.org\/{rel}","templated":true}]}}