{"id":3525,"date":"2014-08-06T22:59:15","date_gmt":"2014-08-06T20:59:15","guid":{"rendered":"http:\/\/www.luxorbis.org\/friedensplattform.at\/?p=3525"},"modified":"2014-08-06T22:59:15","modified_gmt":"2014-08-06T20:59:15","slug":"bild-von-nidal-el-khairy","status":"publish","type":"post","link":"https:\/\/www.friedensplattform.at\/?p=3525","title":{"rendered":"Debattenbeitrag in KleinerZeitung, 8.8.14"},"content":{"rendered":"<p>Der von der Kleine Zeitung der Friedensplattform zugesicherte Debattenbeitrag wurde am Freitag in der Printausgabe ver\u00f6ffentlicht:<\/p>\n<p><!--more--><\/p>\n<p>Es gibt keinen sicheren Ort in Gaza!<\/p>\n<p>Die israelische Armee bombardiert seit vier(!)\u200b Wochen Menschen, die in einem Freiluftgef\u00e4ngnis eingesperrt sind. In Gaza leben 1,7 Millionen Menschen auf engstem Raum. Die Grenzen sind durch das israelische und \u00e4gyptische Milit\u00e4r abgeriegelt.\u00a0 Von den 2008\/09 und 2012 vorangegangenen israelischen Kriegen gegen Gaza ist der es l\u00e4ngstdauernde und blutigste: 1830 Menschen starben unter den Bomben, 9\u200b500 wurden verletzt; &#8211; wie viele folgen noch? Vierhunderttausend sind zu Fl\u00fcchtlingen in einem Gebiet geworden, in dem es keine Zufluchtsm\u00f6glichkeiten gibt. Denn israelische Bomben zerst\u00f6ren gezielt Unterk\u00fcnfte wie Spit\u00e4ler, Moscheen und mittlerweile schon drei \u200bSchulen des UN-Hilfswerks. Die Opfer waren 38\u200b ZivilistInnen. Der Leiter Pierre Kr\u00e4henb\u00fchl verurteilte\u200b die Angriffe in der \u201csch\u00e4rfsten m\u00f6glichen Form\u201d. Er warf\u200b Israel \u201cschweren Versto\u00df gegen das internationale Recht\u201d vor und forderte \u201edie internationale Gemeinschaft zum geschlossenen Handeln auf, um dem Gemetzel ein Ende zu machen.\u201c Doch diese Gemeinschaft handelt nicht. Auch die \u00f6sterreichische Regierung bleibt einseitig f\u00fcr Israel. Wirtschaftsbeziehungen von Betrieben wie KTM, Pez, komptech und dem Sicherheitskonzern G4S z\u00e4hlen mehr als V\u00f6lkerrecht und Menschenrecht. Schlimmer noch: Seit 2008 betreibt das \u00f6sterreichische Bundesheer eine Kooperation mit der israelischen Armee. Ist das die vielger\u00fchmte Neutralit\u00e4t? Nein, das ist vielmehr Mitt\u00e4terschaft am Krieg gegen ZivilistInnen und einer v\u00f6lkerrechtswidrigen Blockade gegen Gaza, die seit 8 Jahren ihre Opfer fordert: durch Mangel an Medikamenten, Ern\u00e4hrung, Hygiene. \u00d6sterreich und andere EU-L\u00e4nder sind sehr wohl in die Verantwortung zu nehmen. Sie k\u00f6nnten dazu beitragen \u201edem Gemetzel ein Ende zu machen\u201c indem sie dem Beispiel des Inselstaates Malediven folgen, der alle Abkommen mit Israel ausgesetzt hat. Brasilien, Ecuador, Argentinien, Chile und Peru haben ihre Botschafter aus Israel abgezogen. Die T\u00fcrkei setzt auf Sanktionen. Boliviens Pr\u00e4sident Morales will, dass die UNO Israel wegen Verbrechen gegen die Menschlichkeit verurteilt. Ganz anders Bundespr\u00e4sident Fischer, der den Aggressor Israel als \u201eObjekt terroristischer Angriffe\u201c identifiziert, und damit den legitimen Widerstand der Pal\u00e4stinserInnen pauschal diffamiert.\u00a0 Diese Einseitigkeit ist die Umdrehung von Neutralit\u00e4t und Friedensorientierung. Sie \u00a0liefert die Pal\u00e4stinenserInnen weiterhin der \u00fcberm\u00e4chtigen israelischen Kriegsmaschinerie und Fortsetzung der Blockade aus.<\/p>\n<p>Die Politik der EU entspricht den Stimmen vieler Medien, die\u00a0generell die Nachrichtenversionen der israelischen Regierung wiedergeben. Zu langsam wird der immer lautere Protest der Zivilgesellschaft wahrgenommen. Und das, obwohl seit dem ersten Tag der Bombardements \u00fcberall auf der Welt Solidarit\u00e4tsdemonstrationen mit Gaza im Gange sind, in Hauptst\u00e4dten wie Paris und Wien (30.000 TeilnehmerInnen) bis hin zu Kleinst\u00e4dten wie Graz. Die Kleine Zeitung hat nach der dritten Demo auf die emp\u00f6rten Stimmen der Stra\u00dfe geh\u00f6rt. Ein Resultat ist dieser Debattenbeitrag.\u00a0Wir hoffen, dass Medien dazu \u00fcbergehen neben kritischen Stimmen aus der israelischen Zivilgesellschaft endlich auch Stimmen der Pal\u00e4stinenserInnen Raum zu geben. Es gibt eine Blockade der Worte und Meinungen gegen\u00fcber Gaza! Friede kann nur \u00fcber Gerechtigkeit erreicht werden. Medien tragen daf\u00fcr Mitverantwortung.<\/p>\n<p>Helga Suleiman ist Aktivistin der Steirischen Friedensplattform \u00a0<a href=\"http:\/\/www.friedensplattform.at\" target=\"_blank\">www.friedensplattform.at<\/a><\/p>\n","protected":false},"excerpt":{"rendered":"<p>Der von der Kleine Zeitung der Friedensplattform zugesicherte Debattenbeitrag wurde am Freitag in der Printausgabe ver\u00f6ffentlicht:<\/p>\n","protected":false},"author":3,"featured_media":0,"comment_status":"open","ping_status":"open","sticky":false,"template":"","format":"standard","meta":{"footnotes":""},"categories":[1,5],"tags":[],"class_list":["post-3525","post","type-post","status-publish","format-standard","hentry","category-allgemein","category-arabischer-raum"],"_links":{"self":[{"href":"https:\/\/www.friedensplattform.at\/index.php?rest_route=\/wp\/v2\/posts\/3525","targetHints":{"allow":["GET"]}}],"collection":[{"href":"https:\/\/www.friedensplattform.at\/index.php?rest_route=\/wp\/v2\/posts"}],"about":[{"href":"https:\/\/www.friedensplattform.at\/index.php?rest_route=\/wp\/v2\/types\/post"}],"author":[{"embeddable":true,"href":"https:\/\/www.friedensplattform.at\/index.php?rest_route=\/wp\/v2\/users\/3"}],"replies":[{"embeddable":true,"href":"https:\/\/www.friedensplattform.at\/index.php?rest_route=%2Fwp%2Fv2%2Fcomments&post=3525"}],"version-history":[{"count":0,"href":"https:\/\/www.friedensplattform.at\/index.php?rest_route=\/wp\/v2\/posts\/3525\/revisions"}],"wp:attachment":[{"href":"https:\/\/www.friedensplattform.at\/index.php?rest_route=%2Fwp%2Fv2%2Fmedia&parent=3525"}],"wp:term":[{"taxonomy":"category","embeddable":true,"href":"https:\/\/www.friedensplattform.at\/index.php?rest_route=%2Fwp%2Fv2%2Fcategories&post=3525"},{"taxonomy":"post_tag","embeddable":true,"href":"https:\/\/www.friedensplattform.at\/index.php?rest_route=%2Fwp%2Fv2%2Ftags&post=3525"}],"curies":[{"name":"wp","href":"https:\/\/api.w.org\/{rel}","templated":true}]}}