{"id":3533,"date":"2014-08-11T07:49:38","date_gmt":"2014-08-11T05:49:38","guid":{"rendered":"http:\/\/www.luxorbis.org\/friedensplattform.at\/?p=3533"},"modified":"2014-08-11T07:49:38","modified_gmt":"2014-08-11T05:49:38","slug":"grosse-beteiligung-bei-samstags-flashmob-in-graz","status":"publish","type":"post","link":"https:\/\/www.friedensplattform.at\/?p=3533","title":{"rendered":"Gro&#223;e Beteiligung bei Samstags-Flashmob in Graz!"},"content":{"rendered":"<p>Mehr als 2oo Personen haben am 9.8. 14 an Kundgebung\/Flashmob und Demo teilgenommen (Fotos und Video in den Links)<\/p>\n<p>Engagierte junge AktivistInnen organisierten einen sehr gut gelungenen Flashmob, der anschaulich die Situation der Bev\u00f6lkerung in Gaza unter den israelischen Bombenangriffen darstellte. Dabei wurde die Verzweiflung israelischer Soldaten deutlich, denen\u00a0 immer mehr Gr\u00e4ueltaten und Menschenrechtsverletzungen befohlen werden. Wobei das seit Ben Gurion angepeilte Ziel der Vertreibung der Pal\u00e4stinenserInnen seit mehr als 60 Jahren nicht erreicht wurde und in Zukunft nicht erreicht werden wird&#8230;.<!--more--><\/p>\n<p>Die im Strassentheater dargestellten Soldaten der israelischen Armee sprachen S\u00e4tze wie:<\/p>\n<div style=\"color:#000000;font-size:13px;font-family:verdana,helvetica,sans-serif;font-style:normal;background-color:transparent\"><em>IDF-Soldat:<br \/>\n<\/em><\/div>\n<p style=\"background-color: transparent;\"><em>&#8222;Ein Land  ohne Volk f\u00fcr ein Volk ohne Land&#8220; &#8211; davon tr\u00e4umten unsere Gro\u00dfv\u00e4ter in  Europa. Sie meinten Pal\u00e4stina. Aber als sie nach Pal\u00e4stina kamen, sahen  sie: Das Land war schon bewohnt!<br \/>\nDa sagte unser Staatsgr\u00fcnder David Ben Gurion: \u201c<span style=\"font-size: medium;\"><span style=\"font-family:Arial,sans-serif\">Die Araber m\u00fcssen  \t\t\t\t\t\t\t\t\t\t\t\t\t\tverschwinden. Aber man  \t\t\t\t\t\t\t\t\t\t\t\t\t\tbraucht daf\u00fcr eine  \t\t\t\t\t\t\t\t\t\t\t\t\t\tpassende Gelegenheit,  \t\t\t\t\t\t\t\t\t\t\t\t\t\twie einen Krieg, um dies  \t\t\t\t\t\t\t\t\t\t\t\t\t\tgeschehen zu lassen.<\/span><\/span>&#8220; &#8222;Den ersten Krieg haben wir 1948 gef\u00fchrt. 750 000 von euch Arabern haben wir vertrieben, 400 eurer D\u00f6rfer zerst\u00f6rt. <strong><span style=\"text-decoration: underline;\">Aber ihr seid immer noch da!<\/span><br \/>\n<\/strong><br \/>\n<\/em><\/p>\n<p><em> <\/em><\/p>\n<div style=\"background-color:transparent\"><em>IDF-Soldat:<\/em><\/div>\n<div style=\"background-color:transparent\"><em>Die  n\u00e4chste Gelegenheit zum Krieg haben wir 1967 geschaffen. 300 000 von  euch haben wir 1967 vertrieben. Terror, Gewalt und Zerst\u00f6rung haben wir  verbreitet, damit ihr geht. <span style=\"text-decoration: underline;\"><strong>Aber ihr seid immer noch da!<\/strong><\/span><\/em><\/div>\n<div style=\"background-color:transparent\"><em><br \/>\n<\/em><\/div>\n<div><em>Dann  haben wir die Mauer gebaut. Dann haben wir das ganze Land mit  Strassensperren \u00fcbers\u00e4\u00e4t, um euch zu dem\u00fctigen und euren Widerstand zu  brechen. Denn ihr habt euch nie ergeben wollen. Mit euren Steinen habt  ihr gegen uns gek\u00e4mpft. &#8222;Intifada&#8220; habt ihr uns unseren  Maschinenpistolen und Panzern entgegengeschrien. So grausam wir waren,  nie habt ihr aufgegeben!<\/em><\/div>\n<div><em><br \/>\n<\/em><\/div>\n<div><em>Und so haben wir wieder Gelegenheiten zum Krieg gefunden: 2008  zerst\u00f6rten wir Gaza das erste Mal. 2012 das zweite Mal. Und jetzt 2014  zerst\u00f6rten wir Gaza zum dritten Mal. Wir bombardierten eure Moscheen,  Spit\u00e4ler und Schulen. Damit ihr endlich verschwindet! Wie es Ben Gurion  wollte. <span style=\"text-decoration: underline;\"><strong>Aber ihr seid immer noch da!<\/strong><\/span><\/em><\/div>\n<p>Auch einige PolitikerInnen spazierten lachend und mit klaren Aussagen zwischen den get\u00f6teten ZivilistInnen einher: US-Pr\u00e4sident Obama, Deutschlands Angela Merkel, Israels Netanjahu und Bundespr\u00e4sident Heinz Fischer. (siehe Fotos)<\/p>\n<p>Eine Aktivistin sprach an die ZuschauerInnen gerichtet:<\/p>\n<div style=\"font-family: tahoma,sans-serif; font-size: large; color: #4c1130;\"><em>Stellt euch vor das passiert in Graz!<\/p>\n<p><\/em><em> <\/em><em> <\/em><em> <\/em><em> <\/em><\/div>\n<div style=\"font-family: tahoma,sans-serif; font-size: large; color: #4c1130;\"><em>Stellt euch vor die ganze Stadt wird bombardiert!<\/p>\n<p><\/em><em> <\/em><em> <\/em><em> <\/em><em> <\/em><\/div>\n<div style=\"font-family: tahoma,sans-serif; font-size: large; color: #4c1130;\"><em>Stellt euch vor, eure Kinder sterben unter den Tr\u00fcmmern<br \/>\n<\/em> <em><br \/>\n<\/em><\/div>\n<div style=\"font-family: tahoma,sans-serif; font-size: large; color: #4c1130;\"><em>Stellt euch vor, Soldaten schiessen auf euch, obwohl ihr eure H\u00e4nde hebt,<\/p>\n<p><\/em><em> <\/em><em> <\/em><em> <\/em><em> <\/em><\/div>\n<div style=\"font-family: tahoma,sans-serif; font-size: large; color: #4c1130;\"><em>Stellt euch vor ihr fl\u00fcchtet in Schulen, in Spit\u00e4ler und Kirchen, weil ihr dort Sicherheit erhofft,<\/p>\n<p><\/em><em> <\/em><em> <\/em><em> <\/em><em> <\/em><\/div>\n<div style=\"font-family: tahoma,sans-serif; font-size: large; color: #4c1130;\"><em>doch auch dort schlagen Bomben ein und verletzen und t\u00f6ten!<\/em><\/div>\n<div style=\"font-family: tahoma,sans-serif; font-size: large; color: #4c1130;\"><em>Stellt euch vor, es gibt keinen Strom, keine Medizin, kein Wasser mehr!<br \/>\n<\/em> <em><br \/>\n<\/em><\/div>\n<div style=\"font-family: tahoma,sans-serif; font-size: large; color: #4c1130;\"><em>Stellt euch das alles vor!<\/p>\n<p><\/em><em> <\/em><em> <\/em><em> <\/em><em> <\/em><\/div>\n<div style=\"font-family: tahoma,sans-serif; font-size: large; color: #4c1130;\"><em>Es ist kein Alptraum!<\/p>\n<p><\/em><em> <\/em><em> <\/em><em> <\/em><em> <\/em><\/div>\n<div style=\"font-family: tahoma,sans-serif; font-size: large; color: #4c1130;\"><em>Es passiert wirklich!<\/p>\n<p><\/em><em> <\/em><em> <\/em><em> <\/em><em> <\/em><\/div>\n<div style=\"font-family: tahoma,sans-serif; font-size: large; color: #4c1130;\"><em>Seit vier Wochen in Gaza!<\/p>\n<p><\/em><em> <\/em><em> <\/em><em> <\/em><em> <\/em><\/div>\n<div style=\"font-family: tahoma,sans-serif; font-size: large; color: #4c1130;\"><em>Seit vier Wochen in Gaza!<\/p>\n<p><\/em><em> <\/em><em> <\/em><em> <\/em><em> <\/em><\/div>\n<div style=\"font-family: tahoma,sans-serif; font-size: large; color: #4c1130;\"><em>Seit vier Wochen in Gaza!<\/p>\n<p><\/em><em> <\/em><em> <\/em><em> <\/em><em> <\/em><\/div>\n<div style=\"font-family: tahoma,sans-serif; font-size: large; color: #4c1130;\"><em>Und die Welt schaut zu&#8230;<\/p>\n<p><\/em><em> <\/em><em> <\/em><em> <\/em><em> <\/em><\/div>\n<div style=\"font-family: tahoma,sans-serif; font-size: large; color: #4c1130;\"><em>aber wir bleiben nicht ruhig..<\/p>\n<p><\/em><em> <\/em><em> <\/em><em> <\/em><em> <\/em><\/div>\n<div style=\"font-family: tahoma,sans-serif; font-size: large; color: #4c1130;\"><em>wir bleiben standhaft&#8230;<\/p>\n<p><\/em><em> <\/em><em> <\/em><em> <\/em><em> <\/em><\/div>\n<div style=\"font-family: tahoma,sans-serif; font-size: large; color: #4c1130;\"><em>mit den Menschen in Gaza<\/p>\n<p><\/em><em> <\/em><em> <\/em><em> <\/em><em> <\/em><\/div>\n<div style=\"font-family: tahoma,sans-serif; font-size: large; color: #4c1130;\"><em>bis zur Freiheit!<\/p>\n<p><\/em><em> <\/em><em> <\/em><em> <\/em><em> <\/em><\/div>\n<div style=\"font-family: tahoma,sans-serif; font-size: large; color: #4c1130;\"><em>bis zur Gerechtigkeit!<\/p>\n<p><\/em><em> <\/em><em> <\/em><em> <\/em><em> <\/em><\/div>\n<div style=\"font-family: tahoma,sans-serif; font-size: large; color: #4c1130;\"><em>Freiheit f\u00fcr Gaza!<\/p>\n<p><\/em><em> <\/em><em> <\/em><em> <\/em><em> <\/em><\/div>\n<div style=\"font-family: tahoma,sans-serif; font-size: large; color: #4c1130;\"><em>Gerechtigkeit f\u00fcr Gaza!<\/em><\/div>\n<div style=\"font-family: tahoma,sans-serif; font-size: large; color: #4c1130;\"><em><br \/>\n<\/em><\/div>\n<div style=\"font-family: tahoma,sans-serif; font-size: large; color: #4c1130;\"><em>Frieden f\u00fcr Gaza und<\/em><\/div>\n<div style=\"font-family: tahoma,sans-serif; font-size: large; color: #4c1130;\"><em><br \/>\n<\/em><\/div>\n<div style=\"font-family: tahoma,sans-serif; font-size: large; color: #4c1130;\"><em>Frieden f\u00fcr die Welt!<br \/>\n<\/em><\/div>\n<p><em>WIR ALLE SIND GAZA!<\/em><\/p>\n<p>Ein pal\u00e4stinensischer Junge, der um Familienangeh\u00f6rige in Gaza trauert, trug folgendes Gedicht vor:<\/p>\n<blockquote style=\"line-height: 0.53cm;\"><p><span style=\"color: #37404e;\"><span style=\"font-family: Helvetica,Arial,lucida grande,tahoma,verdana,arial,sans-serif;\"><span style=\"font-size: x-small;\"><span style=\"font-style: normal;\"><span style=\"background: transparent;\">All                 your fighters, all your tanks,<br \/>\nand all your soldiers, againist a                 boy,<\/span><\/span><\/span><\/span><\/span><span style=\"color: #000000;\"><span style=\"font-family: verdana,helvetica,sans-serif;\"><span style=\"font-size: x-small;\"><span style=\"font-style: normal;\"><span style=\"background: transparent;\"><br \/>\n<\/span><\/span><\/span><\/span><\/span><span style=\"color: #37404e;\"><span style=\"font-family: Helvetica,Arial,lucida grande,tahoma,verdana,arial,sans-serif;\"><span style=\"font-size: x-small;\"><span style=\"font-style: normal;\"><span style=\"background: transparent;\">holding                 a stone, standing there,<br \/>\nall alone.<br \/>\nin his eyes i see the                 sun,<br \/>\nin his smile, i see the moon,<br \/>\nand i wonder,<br \/>\ni only                 wonder,<br \/>\nwho is weak,<br \/>\nand who is strong,<br \/>\nwho is right,<br \/>\nand                 who is wrong,<br \/>\nand i wish\u00a0,<br \/>\ni only wish,<br \/>\nthat the                 truth,<br \/>\nhas a tongue.<\/span><\/span><\/span><\/span><\/span><\/p><\/blockquote>\n<blockquote style=\"line-height: 0.53cm;\"><p><span style=\"color: #37404e;\"><span style=\"font-family: Helvetica,Arial,lucida grande,tahoma,verdana,arial,sans-serif;\"><span style=\"font-size: x-small;\"><span style=\"font-style: normal;\"><span style=\"background: transparent;\">All                 Eure Soldaten, all Eure Panzer<\/span><\/span><\/span><\/span><\/span><\/p><\/blockquote>\n<blockquote style=\"line-height: 0.53cm;\"><p><span style=\"color: #37404e;\"><span style=\"font-family: Helvetica,Arial,lucida grande,tahoma,verdana,arial,sans-serif;\"><span style=\"font-size: x-small;\"><span style=\"font-style: normal;\"><span style=\"background: transparent;\">und                 all Eure Soldaten \u2013 gegen einen Jungen,<\/span><\/span><\/span><\/span><\/span><\/p><\/blockquote>\n<blockquote style=\"line-height: 0.53cm;\"><p><span style=\"color: #37404e;\"><span style=\"font-family: Helvetica,Arial,lucida grande,tahoma,verdana,arial,sans-serif;\"><span style=\"font-size: x-small;\"><span style=\"font-style: normal;\"><span style=\"background: transparent;\">mit                 einem Stein in der Hand, steht er hier,<\/span><\/span><\/span><\/span><\/span><\/p><\/blockquote>\n<blockquote style=\"line-height: 0.53cm;\"><p><span style=\"color: #37404e;\"><span style=\"font-family: Helvetica,Arial,lucida grande,tahoma,verdana,arial,sans-serif;\"><span style=\"font-size: x-small;\"><span style=\"font-style: normal;\"><span style=\"background: transparent;\">ganz                 allein.<\/span><\/span><\/span><\/span><\/span><\/p><\/blockquote>\n<blockquote style=\"line-height: 0.53cm;\"><p><span style=\"color: #37404e;\"><span style=\"font-family: Helvetica,Arial,lucida grande,tahoma,verdana,arial,sans-serif;\"><span style=\"font-size: x-small;\"><span style=\"font-style: normal;\"><span style=\"background: transparent;\">In                 seinen Augen sehe ich die Sonne<\/span><\/span><\/span><\/span><\/span><\/p><\/blockquote>\n<blockquote style=\"line-height: 0.53cm;\"><p><span style=\"color: #37404e;\"><span style=\"font-family: Helvetica,Arial,lucida grande,tahoma,verdana,arial,sans-serif;\"><span style=\"font-size: x-small;\"><span style=\"font-style: normal;\"><span style=\"background: transparent;\">in                 seinem L\u00e4cheln sehe ich den Mond<\/span><\/span><\/span><\/span><\/span><\/p><\/blockquote>\n<blockquote style=\"line-height: 0.53cm;\"><p><span style=\"color: #37404e;\"><span style=\"font-family: Helvetica,Arial,lucida grande,tahoma,verdana,arial,sans-serif;\"><span style=\"font-size: x-small;\"><span style=\"font-style: normal;\"><span style=\"background: transparent;\">und                 ich frage mich<\/span><\/span><\/span><\/span><\/span><\/p><\/blockquote>\n<blockquote style=\"line-height: 0.53cm;\"><p><span style=\"color: #37404e;\"><span style=\"font-family: Helvetica,Arial,lucida grande,tahoma,verdana,arial,sans-serif;\"><span style=\"font-size: x-small;\"><span style=\"font-style: normal;\"><span style=\"background: transparent;\">ich                 frag mich blo\u00df,<\/span><\/span><\/span><\/span><\/span><\/p><\/blockquote>\n<blockquote style=\"line-height: 0.53cm;\"><p><span style=\"color: #37404e;\"><span style=\"font-family: Helvetica,Arial,lucida grande,tahoma,verdana,arial,sans-serif;\"><span style=\"font-size: x-small;\"><span style=\"font-style: normal;\"><span style=\"background: transparent;\">wer                 ist hier schwach<\/span><\/span><\/span><\/span><\/span><\/p><\/blockquote>\n<blockquote style=\"line-height: 0.53cm;\"><p><span style=\"color: #37404e;\"><span style=\"font-family: Helvetica,Arial,lucida grande,tahoma,verdana,arial,sans-serif;\"><span style=\"font-size: x-small;\"><span style=\"font-style: normal;\"><span style=\"background: transparent;\">und                 wer ist hier stark,<\/span><\/span><\/span><\/span><\/span><\/p><\/blockquote>\n<blockquote style=\"line-height: 0.53cm;\"><p><span style=\"color: #37404e;\"><span style=\"font-family: Helvetica,Arial,lucida grande,tahoma,verdana,arial,sans-serif;\"><span style=\"font-size: x-small;\"><span style=\"font-style: normal;\"><span style=\"background: transparent;\">wer                 ist im Recht<\/span><\/span><\/span><\/span><\/span><\/p><\/blockquote>\n<blockquote style=\"line-height: 0.53cm;\"><p><span style=\"color: #37404e;\"><span style=\"font-family: Helvetica,Arial,lucida grande,tahoma,verdana,arial,sans-serif;\"><span style=\"font-size: x-small;\"><span style=\"font-style: normal;\"><span style=\"background: transparent;\">und                 wer ist im Unrecht<\/span><\/span><\/span><\/span><\/span><\/p><\/blockquote>\n<blockquote style=\"line-height: 0.53cm;\"><p><span style=\"color: #37404e;\"><span style=\"font-family: Helvetica,Arial,lucida grande,tahoma,verdana,arial,sans-serif;\"><span style=\"font-size: x-small;\"><span style=\"font-style: normal;\"><span style=\"background: transparent;\">und                 ich w\u00fcnsche mir,<\/span><\/span><\/span><\/span><\/span><\/p><\/blockquote>\n<blockquote style=\"line-height: 0.53cm;\"><p><span style=\"color: #37404e;\"><span style=\"font-family: Helvetica,Arial,lucida grande,tahoma,verdana,arial,sans-serif;\"><span style=\"font-size: x-small;\"><span style=\"font-style: normal;\"><span style=\"background: transparent;\">ich                 w\u00fcnsche mir so sehr<\/span><\/span><\/span><\/span><\/span><\/p><\/blockquote>\n<blockquote style=\"line-height: 0.53cm;\"><p><span style=\"color: #37404e;\"><span style=\"font-family: Helvetica,Arial,lucida grande,tahoma,verdana,arial,sans-serif;\"><span style=\"font-size: x-small;\"><span style=\"font-style: normal;\"><span style=\"background: transparent;\">dass                 die Wahrheit<\/span><\/span><\/span><\/span><\/span><\/p><\/blockquote>\n<blockquote style=\"line-height: 0.53cm;\"><p><span style=\"color: #37404e;\"><span style=\"font-family: Helvetica,Arial,lucida grande,tahoma,verdana,arial,sans-serif;\"><span style=\"font-size: x-small;\"><span style=\"font-style: normal;\"><span style=\"background: transparent;\">eine                 Zunge h\u00e4tte.<\/span><\/span><\/span><\/span><\/span><\/p><\/blockquote>\n<p>JournalistInnen der online-Zeitung haberjournal sind aus Wien angereist, um \u00fcber den Flashmob zu berichten:<\/p>\n<p><a href=\"http:\/\/\">http:\/\/www.haberjournal.at\/de\/osterreich\/flashmob-fur-gaza-in-graz-h698.html<\/a><\/p>\n<p>und<\/p>\n<p><a href=\"http:\/\/\">http:\/\/www.haberjournal.at\/de\/osterreich\/israel-kniet-auf-dem-brustkorb-des-palstinensischen-volkes-h697.html<\/a><\/p>\n<p>Ein mitgetragenes Bild von Nidal e-Khairy<\/p>\n<p>&#8220; Israel hat keine Angst vor unserem Lachen&#8230;es hat Angst vor unseren Tr\u00e4nen&#8220;<\/p>\n<p><img decoding=\"async\" src=\"http:\/\/electronicintifada.net\/sites\/electronicintifada.net\/files\/styles\/large\/public\/scan_2.jpg?itok=JvNxNdZP\" alt=\"\" \/><\/p>\n","protected":false},"excerpt":{"rendered":"<p>Mehr als 2oo Personen haben am 9.8. 14 an Kundgebung\/Flashmob und Demo teilgenommen (Fotos und Video in den Links) Engagierte junge AktivistInnen organisierten einen sehr gut gelungenen Flashmob, der anschaulich die Situation der Bev\u00f6lkerung in Gaza unter den israelischen Bombenangriffen darstellte. Dabei wurde die Verzweiflung israelischer Soldaten deutlich, denen\u00a0 immer mehr Gr\u00e4ueltaten und Menschenrechtsverletzungen befohlen &hellip; <a href=\"https:\/\/www.friedensplattform.at\/?p=3533\" class=\"more-link\"><span class=\"screen-reader-text\">Gro&#223;e Beteiligung bei Samstags-Flashmob in Graz!<\/span> weiterlesen <span class=\"meta-nav\">&rarr;<\/span><\/a><\/p>\n","protected":false},"author":3,"featured_media":0,"comment_status":"open","ping_status":"open","sticky":false,"template":"","format":"standard","meta":{"footnotes":""},"categories":[1,22],"tags":[],"class_list":["post-3533","post","type-post","status-publish","format-standard","hentry","category-allgemein","category-interview-mit-dr-werner-ruf"],"_links":{"self":[{"href":"https:\/\/www.friedensplattform.at\/index.php?rest_route=\/wp\/v2\/posts\/3533","targetHints":{"allow":["GET"]}}],"collection":[{"href":"https:\/\/www.friedensplattform.at\/index.php?rest_route=\/wp\/v2\/posts"}],"about":[{"href":"https:\/\/www.friedensplattform.at\/index.php?rest_route=\/wp\/v2\/types\/post"}],"author":[{"embeddable":true,"href":"https:\/\/www.friedensplattform.at\/index.php?rest_route=\/wp\/v2\/users\/3"}],"replies":[{"embeddable":true,"href":"https:\/\/www.friedensplattform.at\/index.php?rest_route=%2Fwp%2Fv2%2Fcomments&post=3533"}],"version-history":[{"count":0,"href":"https:\/\/www.friedensplattform.at\/index.php?rest_route=\/wp\/v2\/posts\/3533\/revisions"}],"wp:attachment":[{"href":"https:\/\/www.friedensplattform.at\/index.php?rest_route=%2Fwp%2Fv2%2Fmedia&parent=3533"}],"wp:term":[{"taxonomy":"category","embeddable":true,"href":"https:\/\/www.friedensplattform.at\/index.php?rest_route=%2Fwp%2Fv2%2Fcategories&post=3533"},{"taxonomy":"post_tag","embeddable":true,"href":"https:\/\/www.friedensplattform.at\/index.php?rest_route=%2Fwp%2Fv2%2Ftags&post=3533"}],"curies":[{"name":"wp","href":"https:\/\/api.w.org\/{rel}","templated":true}]}}