{"id":3547,"date":"2014-08-13T09:35:04","date_gmt":"2014-08-13T07:35:04","guid":{"rendered":"http:\/\/www.luxorbis.org\/friedensplattform.at\/?p=3547"},"modified":"2014-08-13T09:35:04","modified_gmt":"2014-08-13T07:35:04","slug":"fotoausstellung-zu-gaza-in-graz","status":"publish","type":"post","link":"https:\/\/www.friedensplattform.at\/?p=3547","title":{"rendered":"Fotoausstellung zu Gaza in Graz!"},"content":{"rendered":"<p>&#8222;Ich bin ersch\u00f6pft, am Ende, w\u00fctend und indigniert. Es ist wohl das  Schlimmste, was ich je gesehen habe&#8220;, mailte der Photograph Marco  Longari k\u00fcrzlich aus Gaza. Nur wenige Tage nach seinem letzten  Einsatztag im Kriegsgebiet, das er als jahrelanger Chef des Nahost-B\u00fcros  von Agence-France-Presse ausgezeichnet kennt, zeigt das Atelier  Jungwirth 29 seiner ersch\u00fctternden Aufnahmen von 9.August bis 20. September.<\/p>\n<p><!--more--><\/p>\n<p><a href=\"http:\/\/www.atelierjungwirth.com\/\" target=\"_blank\">www.atelierjungwirth.com<\/a><br \/>\n<a href=\"https:\/\/www.facebook.com\/marco.longari\" target=\"_blank\">www.facebook.com\/Marco.Longari<\/a><\/p>\n<p><img loading=\"lazy\" decoding=\"async\" src=\"http:\/\/static.kulturserver-graz.at\/kal\/bilder\/1407400244_1.jpg\" alt=\"Copyright: siehe 'Weitere Informationen'\" width=\"447\" height=\"447\" \/><\/p>\n","protected":false},"excerpt":{"rendered":"<p>&#8222;Ich bin ersch\u00f6pft, am Ende, w\u00fctend und indigniert. Es ist wohl das Schlimmste, was ich je gesehen habe&#8220;, mailte der Photograph Marco Longari k\u00fcrzlich aus Gaza. Nur wenige Tage nach seinem letzten Einsatztag im Kriegsgebiet, das er als jahrelanger Chef des Nahost-B\u00fcros von Agence-France-Presse ausgezeichnet kennt, zeigt das Atelier Jungwirth 29 seiner ersch\u00fctternden Aufnahmen von &hellip; <a href=\"https:\/\/www.friedensplattform.at\/?p=3547\" class=\"more-link\"><span class=\"screen-reader-text\">Fotoausstellung zu Gaza in Graz!<\/span> weiterlesen <span class=\"meta-nav\">&rarr;<\/span><\/a><\/p>\n","protected":false},"author":3,"featured_media":0,"comment_status":"open","ping_status":"open","sticky":false,"template":"","format":"standard","meta":{"footnotes":""},"categories":[1],"tags":[],"class_list":["post-3547","post","type-post","status-publish","format-standard","hentry","category-allgemein"],"_links":{"self":[{"href":"https:\/\/www.friedensplattform.at\/index.php?rest_route=\/wp\/v2\/posts\/3547","targetHints":{"allow":["GET"]}}],"collection":[{"href":"https:\/\/www.friedensplattform.at\/index.php?rest_route=\/wp\/v2\/posts"}],"about":[{"href":"https:\/\/www.friedensplattform.at\/index.php?rest_route=\/wp\/v2\/types\/post"}],"author":[{"embeddable":true,"href":"https:\/\/www.friedensplattform.at\/index.php?rest_route=\/wp\/v2\/users\/3"}],"replies":[{"embeddable":true,"href":"https:\/\/www.friedensplattform.at\/index.php?rest_route=%2Fwp%2Fv2%2Fcomments&post=3547"}],"version-history":[{"count":0,"href":"https:\/\/www.friedensplattform.at\/index.php?rest_route=\/wp\/v2\/posts\/3547\/revisions"}],"wp:attachment":[{"href":"https:\/\/www.friedensplattform.at\/index.php?rest_route=%2Fwp%2Fv2%2Fmedia&parent=3547"}],"wp:term":[{"taxonomy":"category","embeddable":true,"href":"https:\/\/www.friedensplattform.at\/index.php?rest_route=%2Fwp%2Fv2%2Fcategories&post=3547"},{"taxonomy":"post_tag","embeddable":true,"href":"https:\/\/www.friedensplattform.at\/index.php?rest_route=%2Fwp%2Fv2%2Ftags&post=3547"}],"curies":[{"name":"wp","href":"https:\/\/api.w.org\/{rel}","templated":true}]}}