{"id":3568,"date":"2014-08-21T08:22:07","date_gmt":"2014-08-21T06:22:07","guid":{"rendered":"http:\/\/www.luxorbis.org\/friedensplattform.at\/?p=3568"},"modified":"2014-08-21T08:22:07","modified_gmt":"2014-08-21T06:22:07","slug":"unser-protest-gegen-den-gesang-des-krieges","status":"publish","type":"post","link":"https:\/\/www.friedensplattform.at\/?p=3568","title":{"rendered":"\u00bbUnser Protest gegen den Gesang des Krieges\u00ab"},"content":{"rendered":"<p>Die Leitung der Union tschechischer Schriftsteller ver\u00f6ffentlichte in Prag unter diesem Titel eine Stellungnahme, datiert mit August 2014, zu den Aggressionen in der Welt:<\/p>\n<p><!--more--><\/p>\n<p><strong> <\/strong><\/p>\n<p>Die tschechischen Schriftsteller verfolgen mit wachsender Beunruhigung, mit welchem Zynismus und welcher Brutalit\u00e4t elementare Menschenrechte einschlie\u00dflich des Rechts auf physische Existenz unterdr\u00fcckt werden. Angriffe mit Raketenwerfern, Kampfflugzeugen, Artillerie und anderen Kampfmitteln auf dicht besiedelte Wohngebiete wie in Gaza, dem gr\u00f6\u00dften Konzentra\u00adtionslager der Welt, oder in Donezk und Lugansk, den Perlen des Donbass, die in Ruinenst\u00e4dte verwandelt wurden, \u00fcbers\u00e4t mit Kinderspielzeug und notd\u00fcrftig mit Planen abgedeckten Leichen, zwischen denen sich die \u00dcberlebenden bewegen \u2013 die einen in schrecklicher Verzweiflung, andere geradezu gleichg\u00fcltig. Brand-, Kassetten- und Phosphorbomben, Raketenwerfer vom Typ \u00bbGrad\u00ab, \u00bbSmertsch\u00ab oder \u00bbUragan\u00ab und sogar ballistische Raketen werden als Mittel f\u00fcr Massenvernichtung und gigantische Verw\u00fcstungen eingesetzt. (\u2026)<\/p>\n<p>Diese Bestialit\u00e4t in neuen Erscheinungsformen, aber bereits gut bekannt durch Nazismus und Faschismus, die wir fast in direkter \u00dcbertragung wie in einem Katastrophenfilm sehen, diese ethnischen S\u00e4uberungen, werden direkt oder indirekt durch die regime\u00adeigenen Medien marginalisiert und zumindest gebilligt. Diese Bestialit\u00e4t in neuer Form wird sogar von gewissen Kreisen als nat\u00fcrliches Recht auf Verteidigung, als Kampf gegen einen russischen, arabischen oder anderen Terrorismus ausgegeben, und das mit dem zynischen L\u00e4cheln des Rechts des St\u00e4rkeren, des Rechts des \u00dcbermenschen \u2013 des Raubtiers. Es erhebt sich das Siegesgeschrei der Macht \u2013 der Supermacht! Und als Vorstufe eines dritten (vierten?) Weltkrieges dr\u00f6hnen dazu die Tamtams von Sanktionen, Drohungen und Demonstrationen milit\u00e4rischer St\u00e4rke, der Rhetorik von Kn\u00fcppel und Peitsche.<\/p>\n<p>Wir wenden uns an alle Schriftsteller, Journalisten, Lehrer, wir rufen alle anst\u00e4ndigen Menschen der ganzen Welt auf, gegen die Verrohung der Politik unter der Diktatur einer Junta, von Monstern unter menschlicher Maske, immun zu bleiben. Jeder Blick, jedes Wort in ihre Richtung ist eines zuviel. Und sofern Sie sich nicht auf passiven Widerstand beschr\u00e4nken, so wissen Sie gewi\u00df, was zu tun ist. (\u2026)<\/p>\n<p><strong>\u00dcbersetzung aus dem Tschechischen: Klaus Kukuk<\/strong><\/p>\n<p><a href=\"http:\/\/www.jungewelt.de\/2014\/08-19\/031.php\" target=\"_blank\">http:\/\/www.jungewelt.de\/2014\/08-19\/031.php<\/a><\/p>\n<p>19.08.2014 \/ Abgeschrieben \/ Seite 8<\/p>\n","protected":false},"excerpt":{"rendered":"<p>Die Leitung der Union tschechischer Schriftsteller ver\u00f6ffentlichte in Prag unter diesem Titel eine Stellungnahme, datiert mit August 2014, zu den Aggressionen in der Welt:<\/p>\n","protected":false},"author":3,"featured_media":0,"comment_status":"open","ping_status":"open","sticky":false,"template":"","format":"standard","meta":{"footnotes":""},"categories":[1,3],"tags":[],"class_list":["post-3568","post","type-post","status-publish","format-standard","hentry","category-allgemein","category-antimilitarismus"],"_links":{"self":[{"href":"https:\/\/www.friedensplattform.at\/index.php?rest_route=\/wp\/v2\/posts\/3568","targetHints":{"allow":["GET"]}}],"collection":[{"href":"https:\/\/www.friedensplattform.at\/index.php?rest_route=\/wp\/v2\/posts"}],"about":[{"href":"https:\/\/www.friedensplattform.at\/index.php?rest_route=\/wp\/v2\/types\/post"}],"author":[{"embeddable":true,"href":"https:\/\/www.friedensplattform.at\/index.php?rest_route=\/wp\/v2\/users\/3"}],"replies":[{"embeddable":true,"href":"https:\/\/www.friedensplattform.at\/index.php?rest_route=%2Fwp%2Fv2%2Fcomments&post=3568"}],"version-history":[{"count":0,"href":"https:\/\/www.friedensplattform.at\/index.php?rest_route=\/wp\/v2\/posts\/3568\/revisions"}],"wp:attachment":[{"href":"https:\/\/www.friedensplattform.at\/index.php?rest_route=%2Fwp%2Fv2%2Fmedia&parent=3568"}],"wp:term":[{"taxonomy":"category","embeddable":true,"href":"https:\/\/www.friedensplattform.at\/index.php?rest_route=%2Fwp%2Fv2%2Fcategories&post=3568"},{"taxonomy":"post_tag","embeddable":true,"href":"https:\/\/www.friedensplattform.at\/index.php?rest_route=%2Fwp%2Fv2%2Ftags&post=3568"}],"curies":[{"name":"wp","href":"https:\/\/api.w.org\/{rel}","templated":true}]}}