{"id":357,"date":"2008-09-30T19:59:27","date_gmt":"2008-09-30T17:59:27","guid":{"rendered":"http:\/\/www.luxorbis.org\/friedensplattform.at\/?p=357"},"modified":"2008-09-30T19:59:27","modified_gmt":"2008-09-30T17:59:27","slug":"warum-wollen-sie-unsere-stadt-uberfluten","status":"publish","type":"post","link":"https:\/\/www.friedensplattform.at\/?p=357","title":{"rendered":"Warum wollen sie unsere Stadt &#252;berfluten?"},"content":{"rendered":"<p class=\"MsoNormal\"><strong><span style=\"font-size: 14pt;\">ILISU- STAUDAMMPROJEKT  in der T\u00dcRKEI<\/span><\/strong><\/p>\n<p class=\"MsoNormal\">\n<p class=\"MsoNormal\">Ein <strong><span style=\"font-size: 14pt;\">Film- und  Diskussionsabend<\/span><\/strong> zu diesem heiklen Thema findet am Mittwoch, den<\/p>\n<p class=\"MsoNormal\"><strong><span style=\"font-size: 14pt;\">8. Oktober um 19 Uhr<\/span><\/strong> im  <strong><span style=\"font-size: 14pt;\">H\u00f6rsaal C der Universit\u00e4t Graz <\/span><\/strong>statt.<\/p>\n<p class=\"main\"><!--more--><\/p>\n<p class=\"main\">Im Osten der T\u00fcrkei soll ausgerechnet durch die \u00d6sterreichische VA  Tech Hydro\/Andritz der Megastaudamm Ilisu gebaut werden \u2013 trotz ungel\u00f6ster  sozialer Problem, \u00f6kologischer Zerst\u00f6rung und der sicheren Verarmung der  Bev\u00f6lkerung. Das hochproblematische Vorhaben trifft auf zunehmend gr\u00f6\u00dferen  lokalen und internationalen Protest.<\/p>\n<p><strong>Warum gibt es solch heftigen lokalen und internationalen  Protest?<\/strong><\/p>\n<ol type=\"1\">\n<li class=\"MsoNormal\" style=\"margin-bottom: 12pt;\">\u00dcber 54.000 Menschen sind von    Verarmung gef\u00e4hrdet.<\/li>\n<li class=\"MsoNormal\" style=\"margin-bottom: 12pt;\">Der Umsiedelungsplan weist    schwerste M\u00e4ngel auf.<\/li>\n<li class=\"MsoNormal\" style=\"margin-bottom: 12pt;\">Betroffene lehnen den Staudamm    massiv ab.<\/li>\n<li class=\"MsoNormal\" style=\"margin-bottom: 12pt;\">Projektplanung verletzt    Menschenrechte.<\/li>\n<li class=\"MsoNormal\" style=\"margin-bottom: 12pt;\">Bewaffneter Konflikt in der    Region.<\/li>\n<li class=\"MsoNormal\" style=\"margin-bottom: 12pt;\">\u00d6kologische Zerst\u00f6rung und    falsches Umweltgutachten.<\/li>\n<li class=\"MsoNormal\" style=\"margin-bottom: 12pt;\">Keine Abkommen mit Syrien und    Irak \u00fcber Wasserfrage.<\/li>\n<li class=\"MsoNormal\">Kulturelle Zerst\u00f6rung f\u00fchrt zu wachsendem lokalen    Protest.<\/li>\n<\/ol>\n<p class=\"MsoNormal\">\n<p class=\"MsoNormal\" style=\"text-align: center;\" align=\"center\">Eine Veranstaltung  der <strong>Steirischen Friedensplattform<\/strong> zusammen mit dem <strong>KSV<\/strong><\/p>\n<p><strong><a href=\"http:\/\/www.friedensplattform.at\/\">www.friedensplattform.at<\/a>, <a href=\"http:\/\/www.eca-watch.at\/\" target=\"_blank\">www.eca-watch.at<\/a> , <a href=\"http:\/\/www.stopilisu.com\/\" target=\"_blank\">www.stopilisu.com<\/a>, <a href=\"http:\/\/www.comunista.at\/?topic=KSVGraz\" target=\"_blank\">www.comunista.at<\/a><\/strong><\/p>\n","protected":false},"excerpt":{"rendered":"<p>ILISU- STAUDAMMPROJEKT in der T\u00dcRKEI Ein Film- und Diskussionsabend zu diesem heiklen Thema findet am Mittwoch, den 8. Oktober um 19 Uhr im H\u00f6rsaal C der Universit\u00e4t Graz statt.<\/p>\n","protected":false},"author":1,"featured_media":0,"comment_status":"open","ping_status":"open","sticky":false,"template":"","format":"standard","meta":{"footnotes":""},"categories":[1,19],"tags":[],"class_list":["post-357","post","type-post","status-publish","format-standard","hentry","category-allgemein","category-termine"],"_links":{"self":[{"href":"https:\/\/www.friedensplattform.at\/index.php?rest_route=\/wp\/v2\/posts\/357","targetHints":{"allow":["GET"]}}],"collection":[{"href":"https:\/\/www.friedensplattform.at\/index.php?rest_route=\/wp\/v2\/posts"}],"about":[{"href":"https:\/\/www.friedensplattform.at\/index.php?rest_route=\/wp\/v2\/types\/post"}],"author":[{"embeddable":true,"href":"https:\/\/www.friedensplattform.at\/index.php?rest_route=\/wp\/v2\/users\/1"}],"replies":[{"embeddable":true,"href":"https:\/\/www.friedensplattform.at\/index.php?rest_route=%2Fwp%2Fv2%2Fcomments&post=357"}],"version-history":[{"count":0,"href":"https:\/\/www.friedensplattform.at\/index.php?rest_route=\/wp\/v2\/posts\/357\/revisions"}],"wp:attachment":[{"href":"https:\/\/www.friedensplattform.at\/index.php?rest_route=%2Fwp%2Fv2%2Fmedia&parent=357"}],"wp:term":[{"taxonomy":"category","embeddable":true,"href":"https:\/\/www.friedensplattform.at\/index.php?rest_route=%2Fwp%2Fv2%2Fcategories&post=357"},{"taxonomy":"post_tag","embeddable":true,"href":"https:\/\/www.friedensplattform.at\/index.php?rest_route=%2Fwp%2Fv2%2Ftags&post=357"}],"curies":[{"name":"wp","href":"https:\/\/api.w.org\/{rel}","templated":true}]}}