{"id":3586,"date":"2014-08-24T19:49:12","date_gmt":"2014-08-24T17:49:12","guid":{"rendered":"http:\/\/www.luxorbis.org\/friedensplattform.at\/?p=3586"},"modified":"2014-08-24T19:49:12","modified_gmt":"2014-08-24T17:49:12","slug":"israel-greift-venezuelas-gaza-hilfe-an","status":"publish","type":"post","link":"https:\/\/www.friedensplattform.at\/?p=3586","title":{"rendered":"Israel greift Venezuelas Gaza-Hilfe an"},"content":{"rendered":"<p>Die israelische Luftwaffe hat am Mittwoch neben anderen Zielen auch  den venezolanischen Hilfskonvoi angegriffen, der wenige Stunden zuvor  den Gazastreifen erreicht hatte.<\/p>\n<p><!--more-->Dar\u00fcber informierte Venezuelas  Botschafter in \u00c4gypten, Juan Antonio Hern\u00e1ndez. Die venezolanische  Delegation habe sich im Grenzort Rafa im Gazastreifen aufgehalten, um  die \u00dcbergabe der zw\u00f6lf Tonnen Hilfslieferungen an den Pal\u00e4stinensischen  Roten Halbmond zu koordinieren, als in unmittelbarer N\u00e4he eine  israelische F-16 eine Bombe abwarf. Zum Gl\u00fcck sei diese nicht  explodiert, teilte der Diplomat dem lateinamerikanischen Fernsehsender  TeleSur mit, dessen Korrespondentin den Hilfstransport seit dessen  Abflug in Venezuela begleitet hatte.<\/p>\n<p>\u00bbDie Bombe fiel etwa 50 bis 70 Meter entfernt\u00ab, erkl\u00e4rte der  Botschafter am Grenz\u00fcbergang zwischen \u00c4gypten und dem Gazastreifen. Er  geht nicht von einem Zufall aus, sondern vermutet einen gezielten  Versuch der Einsch\u00fcchterung, um die humanit\u00e4re Hilfe zu verhindern,  \u00bbdenn Venezuela ist derzeit ein wichtiger Leuchtturm f\u00fcr das  pal\u00e4stinensische Volk\u00ab.<\/p>\n<p>Auch der Au\u00dfenpolitikexperte Basem Tajeldine ging im Gespr\u00e4ch mit dem  venezolanischen Staatsfernsehen VTV von einer \u00bbWarnung\u00ab Israels aus und  hob hervor, dass die Delegation Gl\u00fcck gehabt habe, \u00bbdenn niemand wirft  eine Bombe ab, damit sie nicht explodiert\u00ab.<\/p>\n<p>Die Regierung in Caracas hat in einer offiziellen Erkl\u00e4rung den Bruch  der Waffenruhe durch Israel verurteilt und ihre \u00bbunersch\u00fctterliche und  uneingeschr\u00e4nkte Unterst\u00fctzung f\u00fcr die pal\u00e4stinensische Sache\u00ab  bekr\u00e4ftigt. Dies habe die erfolgreiche \u00dcbergabe von zw\u00f6lf Tonnen  Medikamenten, Lebensmitteln und Kleidung aus Spenden der venezolanischen  Bev\u00f6lkerung noch einmal deutlich gemacht. Die G\u00fcter, die in einem durch  mehrere Zwischenlandungen unterbrochenen Flug durch ein venezolanisches  Milit\u00e4rflugzeug nach \u00c4gypten gebracht worden waren, wurden am gestrigen  Mittwoch dem Roten Halbmond zur Verteilung \u00fcbergeben.<\/p>\n<p>Venezuelas Pr\u00e4sident Nicol\u00e1s Maduro erkl\u00e4rte, sein Land sei bereit,  auch weitere Hilfe nach Pal\u00e4stina zu schicken und andere Formen der  Solidarit\u00e4t mit dem pal\u00e4stinensischen Volk zu entwickeln.<\/p>\n<p>http:\/\/www.venezuela-aktuell.de\/9879-israel-greift-venezuelas-gaza-hilfe-an<\/p>\n","protected":false},"excerpt":{"rendered":"<p>Die israelische Luftwaffe hat am Mittwoch neben anderen Zielen auch den venezolanischen Hilfskonvoi angegriffen, der wenige Stunden zuvor den Gazastreifen erreicht hatte.<\/p>\n","protected":false},"author":3,"featured_media":0,"comment_status":"open","ping_status":"open","sticky":false,"template":"","format":"standard","meta":{"footnotes":""},"categories":[18],"tags":[],"class_list":["post-3586","post","type-post","status-publish","format-standard","hentry","category-palaestina-solidaritaet"],"_links":{"self":[{"href":"https:\/\/www.friedensplattform.at\/index.php?rest_route=\/wp\/v2\/posts\/3586","targetHints":{"allow":["GET"]}}],"collection":[{"href":"https:\/\/www.friedensplattform.at\/index.php?rest_route=\/wp\/v2\/posts"}],"about":[{"href":"https:\/\/www.friedensplattform.at\/index.php?rest_route=\/wp\/v2\/types\/post"}],"author":[{"embeddable":true,"href":"https:\/\/www.friedensplattform.at\/index.php?rest_route=\/wp\/v2\/users\/3"}],"replies":[{"embeddable":true,"href":"https:\/\/www.friedensplattform.at\/index.php?rest_route=%2Fwp%2Fv2%2Fcomments&post=3586"}],"version-history":[{"count":0,"href":"https:\/\/www.friedensplattform.at\/index.php?rest_route=\/wp\/v2\/posts\/3586\/revisions"}],"wp:attachment":[{"href":"https:\/\/www.friedensplattform.at\/index.php?rest_route=%2Fwp%2Fv2%2Fmedia&parent=3586"}],"wp:term":[{"taxonomy":"category","embeddable":true,"href":"https:\/\/www.friedensplattform.at\/index.php?rest_route=%2Fwp%2Fv2%2Fcategories&post=3586"},{"taxonomy":"post_tag","embeddable":true,"href":"https:\/\/www.friedensplattform.at\/index.php?rest_route=%2Fwp%2Fv2%2Ftags&post=3586"}],"curies":[{"name":"wp","href":"https:\/\/api.w.org\/{rel}","templated":true}]}}