{"id":361,"date":"2008-10-03T19:04:56","date_gmt":"2008-10-03T17:04:56","guid":{"rendered":"http:\/\/www.luxorbis.org\/friedensplattform.at\/?p=361"},"modified":"2008-10-03T19:04:56","modified_gmt":"2008-10-03T17:04:56","slug":"artikel-der-ag-friedensforschung-nato-illegitimes-kind-des-2-weltkriegs-02102008-friedensratschlag","status":"publish","type":"post","link":"https:\/\/www.friedensplattform.at\/?p=361","title":{"rendered":"Artikel der AG Friedensforschung: NATO, illegitimes Kind des 2. Weltkriegs, 02.10.2008 (Friedensratschlag)"},"content":{"rendered":"<p><strong>Ein Essay. Von Peter Strutynski *<\/strong><\/p>\n<p>Die Ratlosigkeit der Milit\u00e4rs, R\u00fcstungslobbyisten und Sicherheitspolitiker nach dem Ende des Ost-West-Konflikts 1989\/91 war von erstaunlich kurzer Dauer. Nachdem der \u00e4u\u00dfere Feind nicht nur abhanden gekommen war, sondern sich teilweise sogar zu einem Verb\u00fcndeten wandelte, erfand sich die NATO neu: 40 Jahre lang als milit\u00e4risches Bollwerk gegen den vermeintlich aggressiven Kommunismus in Gestalt des Warschauer Pakts unter F\u00fchrung der atomaren Supermacht Sowjetunion waren mit dem Mauerfall 1989 und &#8211; 1991 &#8211; der Aufl\u00f6sung von UdSSR und Warschauer Vertrag unwiderruflich zu Ende. <!--more-->An die Stelle milit\u00e4rischer Bedrohung mussten nun &#8211; aus einer Art Selbsterhaltungstrieb des Milit\u00e4rs heraus &#8211; neue Arten von Bedrohungen und Risiken konstruiert werden, die eine Aufrechterhaltung des milit\u00e4risch-industriellen Komplexes rechtfertigten. Dies gelang der NATO auf kreative Weise. Ob es um die Bev\u00f6lkerungs&#8220;explosion&#8220; in der Dritten Welt ging oder um das Weltklima und die d\u00fcnner werdende Ozonschicht, um Armut, Verelendung und Migrationsstr\u00f6me (aus dem \u201eS\u00fcden&#8220;) oder um Engp\u00e4sse im weltweiten Nahrungsmitteldargebot, um Energieknappheit oder schwer zug\u00e4ngliche andere Ressourcen: F\u00fcr all diese offenkundig nicht milit\u00e4rischen Risiken erkl\u00e4rte sich die NATO zust\u00e4ndig. Das Zauberwort, von dem sich damals auch die Friedensforschung infizieren lie\u00df, hie\u00df \u201eerweiterter Sicherheitsbegriff&#8220;.<\/p>\n<p><a title=\"Uni Kassel AG Friedensforschung\" href=\"http:\/\/www.uni-kassel.de\/fb5\/frieden\/themen\/NATO\/strutynski.html\" target=\"_blank\">Weiterlesen auf den Seiten der Uni Kassel<\/a><\/p>\n","protected":false},"excerpt":{"rendered":"<p>Ein Essay. Von Peter Strutynski * Die Ratlosigkeit der Milit\u00e4rs, R\u00fcstungslobbyisten und Sicherheitspolitiker nach dem Ende des Ost-West-Konflikts 1989\/91 war von erstaunlich kurzer Dauer. Nachdem der \u00e4u\u00dfere Feind nicht nur abhanden gekommen war, sondern sich teilweise sogar zu einem Verb\u00fcndeten wandelte, erfand sich die NATO neu: 40 Jahre lang als milit\u00e4risches Bollwerk gegen den vermeintlich &hellip; <a href=\"https:\/\/www.friedensplattform.at\/?p=361\" class=\"more-link\"><span class=\"screen-reader-text\">Artikel der AG Friedensforschung: NATO, illegitimes Kind des 2. Weltkriegs, 02.10.2008 (Friedensratschlag)<\/span> weiterlesen <span class=\"meta-nav\">&rarr;<\/span><\/a><\/p>\n","protected":false},"author":1,"featured_media":0,"comment_status":"open","ping_status":"open","sticky":false,"template":"","format":"standard","meta":{"footnotes":""},"categories":[1],"tags":[],"class_list":["post-361","post","type-post","status-publish","format-standard","hentry","category-allgemein"],"_links":{"self":[{"href":"https:\/\/www.friedensplattform.at\/index.php?rest_route=\/wp\/v2\/posts\/361","targetHints":{"allow":["GET"]}}],"collection":[{"href":"https:\/\/www.friedensplattform.at\/index.php?rest_route=\/wp\/v2\/posts"}],"about":[{"href":"https:\/\/www.friedensplattform.at\/index.php?rest_route=\/wp\/v2\/types\/post"}],"author":[{"embeddable":true,"href":"https:\/\/www.friedensplattform.at\/index.php?rest_route=\/wp\/v2\/users\/1"}],"replies":[{"embeddable":true,"href":"https:\/\/www.friedensplattform.at\/index.php?rest_route=%2Fwp%2Fv2%2Fcomments&post=361"}],"version-history":[{"count":0,"href":"https:\/\/www.friedensplattform.at\/index.php?rest_route=\/wp\/v2\/posts\/361\/revisions"}],"wp:attachment":[{"href":"https:\/\/www.friedensplattform.at\/index.php?rest_route=%2Fwp%2Fv2%2Fmedia&parent=361"}],"wp:term":[{"taxonomy":"category","embeddable":true,"href":"https:\/\/www.friedensplattform.at\/index.php?rest_route=%2Fwp%2Fv2%2Fcategories&post=361"},{"taxonomy":"post_tag","embeddable":true,"href":"https:\/\/www.friedensplattform.at\/index.php?rest_route=%2Fwp%2Fv2%2Ftags&post=361"}],"curies":[{"name":"wp","href":"https:\/\/api.w.org\/{rel}","templated":true}]}}