{"id":3625,"date":"2014-09-14T22:02:39","date_gmt":"2014-09-14T20:02:39","guid":{"rendered":"http:\/\/www.luxorbis.org\/friedensplattform.at\/?p=3625"},"modified":"2014-09-14T22:02:39","modified_gmt":"2014-09-14T20:02:39","slug":"keine-kriegswaffen-in-den-irak-liefern","status":"publish","type":"post","link":"https:\/\/www.friedensplattform.at\/?p=3625","title":{"rendered":"Keine Kriegswaffen in den Irak liefern"},"content":{"rendered":"<h3>\u2013 sofort helfen, politisch umsteuern \u201eDie Bundesregierung will die Kurden im Irak milit\u00e4risch unterst\u00fctzen. Damit verstie\u00dfe sie gegen das V\u00f6lkerrecht.<!--more-->\u201c Olaf Simonsen, Experte f\u00fcr Au\u00dfenwirtschaftsrecht, bis 2009 Vizepr\u00e4sident des Bundesamtes f\u00fcr Wirtschaft und Ausfuhr &#8211; kontrolle, in der Frankfurter Rundschau vom 28.08.2014 \u201eDer Beschluss, ein Kontingent Waffen zu liefern, f\u00e4llt offenbar leichter als der Beschluss, ein Kontingent Fl\u00fcchtlinge aufzunehmen.\u201c Heribert Prantl in seinem Artikel \u201eFalsch, falscher, am fal &#8211; schesten\u201c in der S\u00fcddeutschen Zeitung vom 21.08.2014\u00a0 n und Beutewaffen, z.B. US-Waffen bei der Einnahme der Stadt Mossul. Wer aber weitere Waffen in den Irak liefert oder Kombattanten finanziell unterst\u00fctzt, macht sich mitschuldig am Massenmorden im Irak \u2013 jetzt und in den kommenden Jahrzehnten. Wer Terrorismus auf Dauer ausbluten, men &#8211; schenrechtsverletzende Regierungen zur Umkehr bewegen und Diktatoren zum Abdanken zwingen will, der muss den Repressoren die Machtinstrumente ihrer Gewaltherrschaft entziehen. Wer sich nach der jahrelangen Beihilfe zum Massenmorden durch R\u00fcstungsex &#8211; porte endlich gewissenhaft und glaubw\u00fcr &#8211; dig f\u00fcr Demokratie und Frieden einsetzen will, muss letztlich die Strukturen einer ungerechten Weltwirtschaftsordnung \u00e4ndern. Die Umsetzung dieser langfristigen Zielvorgabe kann nicht abgewartet werden. Die Bundesregierung muss den notleidenden Menschen im Irak kurz- und mittelfristig helfen. Sie muss&#8230; \u00b7 im Einklang mit den Vereinten Natio &#8211; nen den notleidenden Menschen im Norden des Irak umfassend humani &#8211; t\u00e4re Hilfe (Zelte, Nahrungsmittel und medizinische Mittel und Betreuung) zukommen lassen. Dies verlangt einen hohen finanziellen und perso &#8211; nellen Einsatz. Im sicheren Hinter &#8211; land m\u00fcssen feste Fl\u00fcchtlingscamps zur menschenw\u00fcrdigen Unterkunft und mit Lazarette zur notwendigen medizinischen Versorgung eingerichtet werden. \u00b7 beim Aufbau von Dienstleistungen die religi\u00f6se und kulturelle Identit\u00e4t der Fl\u00fcchtlinge ber\u00fccksichtigen; Zivile Hilfsorganisationen und Gruppen der Zivilgesellschaft m\u00fcssen aktiv in die humanit\u00e4re Hilfe eingebunden sein und unterst\u00fctzt werden. \u00b7 die deutschen Grenzen schlie\u00dfen f\u00fcr Waffenexporte und sie f\u00fcr Fl\u00fcchtlinge aus dem Irak und aus Syrien \u00f6ffnen. Die Fl\u00fcchtlinge m\u00fcssen als politisch Verfolgte in Deutschland anerkannt und ihnen dementsprechend Asyl gew\u00e4hrt werden.<\/h3>\n<p>Erkl\u00e4rung der DFG (Deutsche Friedensgesellschaft)-VK\u00a0 (Vereinigte KriegsdienstgegnerInnen)<\/p>\n<p><a href=\"https:\/\/www.dfg-vk.de\/aktuelles\/dfg-vk-neuigkeiten\/2014\/997\" target=\"_blank\">hier weiterlesen<\/a><\/p>\n","protected":false},"excerpt":{"rendered":"<p>\u2013 sofort helfen, politisch umsteuern \u201eDie Bundesregierung will die Kurden im Irak milit\u00e4risch unterst\u00fctzen. Damit verstie\u00dfe sie gegen das V\u00f6lkerrecht.<\/p>\n","protected":false},"author":2,"featured_media":0,"comment_status":"open","ping_status":"open","sticky":false,"template":"","format":"standard","meta":{"footnotes":""},"categories":[1],"tags":[],"class_list":["post-3625","post","type-post","status-publish","format-standard","hentry","category-allgemein"],"_links":{"self":[{"href":"https:\/\/www.friedensplattform.at\/index.php?rest_route=\/wp\/v2\/posts\/3625","targetHints":{"allow":["GET"]}}],"collection":[{"href":"https:\/\/www.friedensplattform.at\/index.php?rest_route=\/wp\/v2\/posts"}],"about":[{"href":"https:\/\/www.friedensplattform.at\/index.php?rest_route=\/wp\/v2\/types\/post"}],"author":[{"embeddable":true,"href":"https:\/\/www.friedensplattform.at\/index.php?rest_route=\/wp\/v2\/users\/2"}],"replies":[{"embeddable":true,"href":"https:\/\/www.friedensplattform.at\/index.php?rest_route=%2Fwp%2Fv2%2Fcomments&post=3625"}],"version-history":[{"count":0,"href":"https:\/\/www.friedensplattform.at\/index.php?rest_route=\/wp\/v2\/posts\/3625\/revisions"}],"wp:attachment":[{"href":"https:\/\/www.friedensplattform.at\/index.php?rest_route=%2Fwp%2Fv2%2Fmedia&parent=3625"}],"wp:term":[{"taxonomy":"category","embeddable":true,"href":"https:\/\/www.friedensplattform.at\/index.php?rest_route=%2Fwp%2Fv2%2Fcategories&post=3625"},{"taxonomy":"post_tag","embeddable":true,"href":"https:\/\/www.friedensplattform.at\/index.php?rest_route=%2Fwp%2Fv2%2Ftags&post=3625"}],"curies":[{"name":"wp","href":"https:\/\/api.w.org\/{rel}","templated":true}]}}