{"id":3629,"date":"2014-09-16T07:37:18","date_gmt":"2014-09-16T05:37:18","guid":{"rendered":"http:\/\/www.luxorbis.org\/friedensplattform.at\/?p=3629"},"modified":"2014-09-16T07:37:18","modified_gmt":"2014-09-16T05:37:18","slug":"israel-befehlsverweigerer-loesen-sturm-der-entruestung-aus","status":"publish","type":"post","link":"https:\/\/www.friedensplattform.at\/?p=3629","title":{"rendered":"Israel Befehlsverweigerer l&#246;sen Sturm der Entr&#252;stung aus"},"content":{"rendered":"<p>43  israelische Reservisten der Sondereinheit 8200 des milit\u00e4rischen  Geheimdienstes schrieben an Ministerpr\u00e4sident Netanyahu und an die  Armeef\u00fchrung, dass sie die n\u00e4chsten Eins\u00e4tze verweigern: \u201eWir weigern  uns, ein Werkzeug zu sein, das die milit\u00e4rische Kontrolle der besetzen  Gebiete vertieft\u201c (<a href=\"http:\/\/www.faz.net\/aktuell\/politik\/ausland\/naher-osten\/brief-an-netanjahu-israelische-soldaten-verweigern-einsatz-gegen-palaestinenser-13149799.html\" target=\"_blank\">FAZ<\/a>).  Die Einheit sind Schreibtischt\u00e4ter, die die Kommunikation in den  besetzten Gebieten abh\u00f6rt. Die Daten werden genutzt, um Pal\u00e4stinenser  unter Druck zu setzen, um dann Kollaborateure zu rekrutieren. Die  gesammelten Daten reichen von Ehebruch, sexuellen Orientierungen,  dringende medizinische Behandlungen, usw. alles wird festgehalten. Die  Pal\u00e4stinenser sind dem schutzlos ausgesetzt. Die Soldaten wollen nach  den \u00fcber 2000 Toten im Gazakrieg nicht mehr schweigen und berufen sich  auf ihre \u201emoralische Pflicht\u201c.<\/p>\n<p><!--more--><\/p>\n<p>Der milit\u00e4rische Geheimdienst weist das  alles weit von sich, ihnen w\u00e4ren nie Verst\u00f6\u00dfe zu Ohren gekommen. Weniger  bekannt (in Israel ja) ist die Stellungnahme von 27 Piloten (2003), die  sich weigerten zivile Bev\u00f6lkerungszentren zu bombardieren. Was in der  FAZ vergessen wird zu erw\u00e4hnen, dass sich 2007 die Gruppe \u201eBreaking the  Silence\u201c gr\u00fcndete (\u201eIsraeli soldiers talk about the occupied  territories\u201c). Ihre Stellungnahmen sind in dem Buch gleichen Namens  festgehalten. Es ist in Englisch erh\u00e4ltlich. \u00dcber ihr Selbstverst\u00e4ndnis  hei\u00dft es auf ihrer website (<a href=\"http:\/\/www.breakingthesilence.org.il\/\" target=\"_blank\">http:\/\/www.breakingthesilence.org.il\/<\/a> ):<\/p>\n<p>Breaking the Silence is an organization of veteran combatants who have  served in the Israeli military since the start oft he Second Intifada  and have taken it upon themselves to expose the Israeli public to the  reality of everyday life in the Occupied Territories. We endeavorto  stimulate public debate about the price paid for a reality in which  young soldiers face a civilian population on a daily basis, and are  engaged in the control of that population\u00b4s everyday life.<\/p>\n<p><a href=\"http:\/\/www.inamo.de\/index.php\/israel-palaestina-beitrag-lesen\/items\/id-43-israelische-reservisten-einer-sondereinheit-verweigern-den-einsatz.html\" target=\"_blank\">http:\/\/www.inamo.de\/index.php\/israel-palaestina-beitrag-lesen\/items\/id-43-israelische-reservisten-einer-sondereinheit-verweigern-den-einsatz.html<\/a><\/p>\n<p>&#8230; Der israelische Geheimdienstminister Juval Steinitz forderte am Sonntag, die Verweigerer vor Gericht zu stellen. Ein Armeesprecher k\u00fcndigte rigorose disziplinarische Schritte an. Der Likud-Abgeordnete Jariv Levin warf den Verweigerern vor, in letzter Konsequenz \u201epal\u00e4stinensischen Terrorismus\u201c zu unterst\u00fctzen, wenn sie nicht ihr Land verteidigen wollten. Die Armee m\u00fcsse diese Reservisten sofort entlassen. Verteidigungsminister Mosche Jaalon nannte die Verweigerung eine \u201edumme und beleidigende\u201c Aktion, die denjenigen in die H\u00e4nde spiele, die die Legitimit\u00e4t Israels und seiner Armee infrage stellten. &#8230;<\/p>\n<p><a href=\"http:\/\/www.faz.net\/aktuell\/politik\/israel-befehlsverweigerer-loesen-sturm-der-entruestung-aus-13152620.html\" target=\"_blank\">http:\/\/www.faz.net\/aktuell\/politik\/israel-befehlsverweigerer-loesen-sturm-der-entruestung-aus-13152620.html<\/a><\/p>\n","protected":false},"excerpt":{"rendered":"<p>43 israelische Reservisten der Sondereinheit 8200 des milit\u00e4rischen Geheimdienstes schrieben an Ministerpr\u00e4sident Netanyahu und an die Armeef\u00fchrung, dass sie die n\u00e4chsten Eins\u00e4tze verweigern: \u201eWir weigern uns, ein Werkzeug zu sein, das die milit\u00e4rische Kontrolle der besetzen Gebiete vertieft\u201c (FAZ). Die Einheit sind Schreibtischt\u00e4ter, die die Kommunikation in den besetzten Gebieten abh\u00f6rt. Die Daten werden genutzt, &hellip; <a href=\"https:\/\/www.friedensplattform.at\/?p=3629\" class=\"more-link\"><span class=\"screen-reader-text\">Israel Befehlsverweigerer l&#246;sen Sturm der Entr&#252;stung aus<\/span> weiterlesen <span class=\"meta-nav\">&rarr;<\/span><\/a><\/p>\n","protected":false},"author":3,"featured_media":0,"comment_status":"open","ping_status":"open","sticky":false,"template":"","format":"standard","meta":{"footnotes":""},"categories":[5],"tags":[],"class_list":["post-3629","post","type-post","status-publish","format-standard","hentry","category-arabischer-raum"],"_links":{"self":[{"href":"https:\/\/www.friedensplattform.at\/index.php?rest_route=\/wp\/v2\/posts\/3629","targetHints":{"allow":["GET"]}}],"collection":[{"href":"https:\/\/www.friedensplattform.at\/index.php?rest_route=\/wp\/v2\/posts"}],"about":[{"href":"https:\/\/www.friedensplattform.at\/index.php?rest_route=\/wp\/v2\/types\/post"}],"author":[{"embeddable":true,"href":"https:\/\/www.friedensplattform.at\/index.php?rest_route=\/wp\/v2\/users\/3"}],"replies":[{"embeddable":true,"href":"https:\/\/www.friedensplattform.at\/index.php?rest_route=%2Fwp%2Fv2%2Fcomments&post=3629"}],"version-history":[{"count":0,"href":"https:\/\/www.friedensplattform.at\/index.php?rest_route=\/wp\/v2\/posts\/3629\/revisions"}],"wp:attachment":[{"href":"https:\/\/www.friedensplattform.at\/index.php?rest_route=%2Fwp%2Fv2%2Fmedia&parent=3629"}],"wp:term":[{"taxonomy":"category","embeddable":true,"href":"https:\/\/www.friedensplattform.at\/index.php?rest_route=%2Fwp%2Fv2%2Fcategories&post=3629"},{"taxonomy":"post_tag","embeddable":true,"href":"https:\/\/www.friedensplattform.at\/index.php?rest_route=%2Fwp%2Fv2%2Ftags&post=3629"}],"curies":[{"name":"wp","href":"https:\/\/api.w.org\/{rel}","templated":true}]}}