{"id":3633,"date":"2014-09-24T17:58:03","date_gmt":"2014-09-24T15:58:03","guid":{"rendered":"http:\/\/www.luxorbis.org\/friedensplattform.at\/?p=3633"},"modified":"2014-09-24T17:58:03","modified_gmt":"2014-09-24T15:58:03","slug":"solidaritaet-mit-den-griechischen-reinigungsfrauen-im-widerstand","status":"publish","type":"post","link":"https:\/\/www.friedensplattform.at\/?p=3633","title":{"rendered":"Solidarit&#228;t mit den griechischen Reinigungsfrauen im Widerstand!"},"content":{"rendered":"<p><strong>595 Putzfrauen des \u00f6ffentlichen Dienstes wurden im Sept. 2013  vom Dienst freigestellt, in den Status der \u201eVerf\u00fcgbarkeit\u201c\u00a0 gesetzt und  nach acht Monaten entlassen. Nach elf Monaten harten Kampfes sind die  Putzfrauen die Verk\u00f6rperung, das Symbol, die Seele des Widerstandes  gegen die Sparpolitik in Griechenland, ja ihr Leben selbst ist  Widerstand!<\/strong><\/p>\n<p><strong><!--more--><br \/>\n<\/strong><\/p>\n<p><strong>Diese Frauen sind schrittweise \u201epolitisches Subjekt\u201c und  F\u00fchrung des gesamten aktuellen Widerstandes gegen die Politik der Troika  geworden, indem sie es wagten, sich gegen so m\u00e4chtige Feinde zu stellen  wie die griechische Regierung, die Europ\u00e4ische Zentralbank, die  EU-Kommission und den IWF \u2026<\/strong><\/p>\n<hr \/>\n<p><span style=\"font-family: verdana,geneva;\"><strong>PETITION: <a href=\"http:\/\/www.labournetaustria.at\/?p=59051\">Solidarit\u00e4t mit den Putzfrauen in Griechenland<\/a><\/strong><\/span><\/p>\n<p><span style=\"font-family: verdana,geneva;\"><strong>Werbefilm: <a href=\"http:\/\/www.labournetaustria.at\/?p=58402\">Solidarit\u00e4t mit dem Kampf der Putzfrauen<\/a><\/strong><\/span><a href=\"http:\/\/www.labournetaustria.at\/?p=58402\"><strong> + Petition<\/strong><\/a><\/p>\n<p>der Film \u00fcber die Kundgebung \u201eSolidarit\u00e4t mit dem Kampf der Putzfrauen in Griechenland\u201c ist nun online:<\/p>\n<p><a href=\"http:\/\/www.labournetaustria.at\/kundgebung-in-solidaritat-mit-dem-kampf-der-putzfrauen-in-griechenland-wiener-komitee-vor-der-griechischen-botschaft-am-17-9-2014\/\" target=\"_blank\">http:\/\/www.labournetaustria.at\/kundgebung-in-solidaritat-mit-dem-kampf-der-putzfrauen-in-griechenland-wiener-komitee-vor-der-griechischen-botschaft-am-17-9-2014\/<\/a><\/p>\n","protected":false},"excerpt":{"rendered":"<p>595 Putzfrauen des \u00f6ffentlichen Dienstes wurden im Sept. 2013 vom Dienst freigestellt, in den Status der \u201eVerf\u00fcgbarkeit\u201c\u00a0 gesetzt und nach acht Monaten entlassen. Nach elf Monaten harten Kampfes sind die Putzfrauen die Verk\u00f6rperung, das Symbol, die Seele des Widerstandes gegen die Sparpolitik in Griechenland, ja ihr Leben selbst ist Widerstand!<\/p>\n","protected":false},"author":3,"featured_media":0,"comment_status":"open","ping_status":"open","sticky":false,"template":"","format":"standard","meta":{"footnotes":""},"categories":[6],"tags":[],"class_list":["post-3633","post","type-post","status-publish","format-standard","hentry","category-arbeiterinnenbewegung"],"_links":{"self":[{"href":"https:\/\/www.friedensplattform.at\/index.php?rest_route=\/wp\/v2\/posts\/3633","targetHints":{"allow":["GET"]}}],"collection":[{"href":"https:\/\/www.friedensplattform.at\/index.php?rest_route=\/wp\/v2\/posts"}],"about":[{"href":"https:\/\/www.friedensplattform.at\/index.php?rest_route=\/wp\/v2\/types\/post"}],"author":[{"embeddable":true,"href":"https:\/\/www.friedensplattform.at\/index.php?rest_route=\/wp\/v2\/users\/3"}],"replies":[{"embeddable":true,"href":"https:\/\/www.friedensplattform.at\/index.php?rest_route=%2Fwp%2Fv2%2Fcomments&post=3633"}],"version-history":[{"count":0,"href":"https:\/\/www.friedensplattform.at\/index.php?rest_route=\/wp\/v2\/posts\/3633\/revisions"}],"wp:attachment":[{"href":"https:\/\/www.friedensplattform.at\/index.php?rest_route=%2Fwp%2Fv2%2Fmedia&parent=3633"}],"wp:term":[{"taxonomy":"category","embeddable":true,"href":"https:\/\/www.friedensplattform.at\/index.php?rest_route=%2Fwp%2Fv2%2Fcategories&post=3633"},{"taxonomy":"post_tag","embeddable":true,"href":"https:\/\/www.friedensplattform.at\/index.php?rest_route=%2Fwp%2Fv2%2Ftags&post=3633"}],"curies":[{"name":"wp","href":"https:\/\/api.w.org\/{rel}","templated":true}]}}