{"id":3657,"date":"2014-11-03T20:30:27","date_gmt":"2014-11-03T18:30:27","guid":{"rendered":"http:\/\/www.luxorbis.org\/friedensplattform.at\/?p=3657"},"modified":"2014-11-03T20:30:27","modified_gmt":"2014-11-03T18:30:27","slug":"inge-hoegerlinke-alle-bundesregierungen-haben-sich-zum-vasallen-der-israelischen-politik-gemacht","status":"publish","type":"post","link":"https:\/\/www.friedensplattform.at\/?p=3657","title":{"rendered":"Inge H&#246;ger\/Linke: &quot;Alle Bundesregierungen haben sich zum Vasallen der israelischen Politik gemacht&quot;"},"content":{"rendered":"<div>\n<p><span><span style=\"color: #84898a; font-weight: bold;\">STIMME RUSSLANDS<\/span> Der Staat Pal\u00e4stina ist ein international umstrittenes Staatsgebiet.   1988 wurde er von der pal\u00e4stin\u00e4nsischen Organisation PLO ausgerufen,   international anerkannt ist er fl\u00e4chendeckend aber nicht. W\u00e4hrend die   Bundesregierung Pal\u00e4stina weiterhin ablehnt, hat Schweden als achtes   EU-Mitglied vor einigen Tagen Pal\u00e4stina als eigenst\u00e4ndigen Staat   anerkannt. Zu diesem Thema sprechen Marcel Joppa und Jana Hermanosvkaja   mit Inge H\u00f6ger, abbr\u00fcstungspolitische Sprecherin der Fraktion Die  Linke.<\/span><\/p>\n<p><span><!--more--><br \/>\n<\/span><\/div>\n<div>\n<div><img decoding=\"async\" title=\"Inge H\u00f6ger: &quot;Alle Bundesregierungen haben sich zum Vasallen der israelischen Politik gemacht&quot;\" src=\"http:\/\/cdn.ruvr.ru\/2014\/11\/03\/1497357475\/9Snimok_e_krana_2014-11-03_v_19.33.25.png\" alt=\"Inge H\u00f6ger: &quot;Alle Bundesregierungen haben sich zum Vasallen der israelischen Politik gemacht&quot;\" \/><\/p>\n<div dir=\"ltr\"><span>\u00a9 Foto: <a rel=\"nofollow\" href=\"http:\/\/de.wikipedia.org\/Martin\">de.wikipedia.org\/Martin<\/a> Kraft\/\u0441\u0441-by-sa 4.0<\/p>\n<p><\/span><\/div>\n<\/div>\n<div><a href=\"http:\/\/cdn.ruvr.ru\/download\/2014\/11\/03\/16\/141103_stdGast_Boeger.mp3\">Herunterladen<\/a><\/div>\n<h2><span><span id=\"ctrlcopy\"><br \/>\nWeiterlesen: <a href=\"http:\/\/german.ruvr.ru\/2014_11_03\/Inge-Hoger-Alle-Bundesregierungen-haben-sich-zum-Versallen-der-israelischen-Politik-gemacht-7985\/\">http:\/\/german.ruvr.ru\/2014_11_03\/Inge-Hoger-Alle-Bundesregierungen-haben-sich-zum-Versallen-der-israelischen-Politik-gemacht-7985\/<\/a><br \/>\n<\/span><\/p>\n<p><\/span><\/h2>\n<\/div>\n","protected":false},"excerpt":{"rendered":"<p>STIMME RUSSLANDS Der Staat Pal\u00e4stina ist ein international umstrittenes Staatsgebiet. 1988 wurde er von der pal\u00e4stin\u00e4nsischen Organisation PLO ausgerufen, international anerkannt ist er fl\u00e4chendeckend aber nicht. W\u00e4hrend die Bundesregierung Pal\u00e4stina weiterhin ablehnt, hat Schweden als achtes EU-Mitglied vor einigen Tagen Pal\u00e4stina als eigenst\u00e4ndigen Staat anerkannt. Zu diesem Thema sprechen Marcel Joppa und Jana Hermanosvkaja mit &hellip; <a href=\"https:\/\/www.friedensplattform.at\/?p=3657\" class=\"more-link\"><span class=\"screen-reader-text\">Inge H&#246;ger\/Linke: &quot;Alle Bundesregierungen haben sich zum Vasallen der israelischen Politik gemacht&quot;<\/span> weiterlesen <span class=\"meta-nav\">&rarr;<\/span><\/a><\/p>\n","protected":false},"author":3,"featured_media":0,"comment_status":"open","ping_status":"open","sticky":false,"template":"","format":"standard","meta":{"footnotes":""},"categories":[18],"tags":[],"class_list":["post-3657","post","type-post","status-publish","format-standard","hentry","category-palaestina-solidaritaet"],"_links":{"self":[{"href":"https:\/\/www.friedensplattform.at\/index.php?rest_route=\/wp\/v2\/posts\/3657","targetHints":{"allow":["GET"]}}],"collection":[{"href":"https:\/\/www.friedensplattform.at\/index.php?rest_route=\/wp\/v2\/posts"}],"about":[{"href":"https:\/\/www.friedensplattform.at\/index.php?rest_route=\/wp\/v2\/types\/post"}],"author":[{"embeddable":true,"href":"https:\/\/www.friedensplattform.at\/index.php?rest_route=\/wp\/v2\/users\/3"}],"replies":[{"embeddable":true,"href":"https:\/\/www.friedensplattform.at\/index.php?rest_route=%2Fwp%2Fv2%2Fcomments&post=3657"}],"version-history":[{"count":0,"href":"https:\/\/www.friedensplattform.at\/index.php?rest_route=\/wp\/v2\/posts\/3657\/revisions"}],"wp:attachment":[{"href":"https:\/\/www.friedensplattform.at\/index.php?rest_route=%2Fwp%2Fv2%2Fmedia&parent=3657"}],"wp:term":[{"taxonomy":"category","embeddable":true,"href":"https:\/\/www.friedensplattform.at\/index.php?rest_route=%2Fwp%2Fv2%2Fcategories&post=3657"},{"taxonomy":"post_tag","embeddable":true,"href":"https:\/\/www.friedensplattform.at\/index.php?rest_route=%2Fwp%2Fv2%2Ftags&post=3657"}],"curies":[{"name":"wp","href":"https:\/\/api.w.org\/{rel}","templated":true}]}}