{"id":3663,"date":"2014-11-08T10:20:40","date_gmt":"2014-11-08T08:20:40","guid":{"rendered":"http:\/\/www.luxorbis.org\/friedensplattform.at\/?p=3663"},"modified":"2014-11-08T10:20:40","modified_gmt":"2014-11-08T08:20:40","slug":"tv-weltjournal-ueber-israelische-kriegsindustrie","status":"publish","type":"post","link":"https:\/\/www.friedensplattform.at\/?p=3663","title":{"rendered":"TV: Weltjournal &#252;ber israelische Kriegsindustrie"},"content":{"rendered":"<p>Israel ist in den letzten Jahren zu einem der gr\u00f6\u00dften Waffenexporteure  der Welt aufgestiegen, nach Angaben des israelischen  Verteidigungsministeriums zeitweilig zur Nummer Drei, nach den USA und  Russland. Zuletzt verkaufte Israel Waffen im Wert von mehr als sieben  Milliarden US-Dollar, vor allem in die USA, nach Europa, S\u00fcdostasien und  S\u00fcdamerika &#8211; Tendenz steigend. Das Gesch\u00e4ft mit den Waffen und ihre  Verwendung im Krieg sind in Israel eng verbunden: das erfolgreichste  Verkaufsargument der israelischen R\u00fcstungsindustrie ist die Tatsache,  dass ihre Waffen- und Kampfsysteme in der Praxis getestet wurden, bei  Operationen in den Pal\u00e4stinensergebieten im Westjordanland und im  Gazastreifen.<\/p>\n<p><!--more--><a href=\"http:\/\/\">http:\/\/tvthek.orf.at\/program\/Weltjournal\/5298609\/WELTjournal-Kampf-Technik-Israels-Geschaeft-mit-Krieg\/8699234<\/a><\/p>\n","protected":false},"excerpt":{"rendered":"<p>Israel ist in den letzten Jahren zu einem der gr\u00f6\u00dften Waffenexporteure der Welt aufgestiegen, nach Angaben des israelischen Verteidigungsministeriums zeitweilig zur Nummer Drei, nach den USA und Russland. Zuletzt verkaufte Israel Waffen im Wert von mehr als sieben Milliarden US-Dollar, vor allem in die USA, nach Europa, S\u00fcdostasien und S\u00fcdamerika &#8211; Tendenz steigend. Das Gesch\u00e4ft &hellip; <a href=\"https:\/\/www.friedensplattform.at\/?p=3663\" class=\"more-link\"><span class=\"screen-reader-text\">TV: Weltjournal &#252;ber israelische Kriegsindustrie<\/span> weiterlesen <span class=\"meta-nav\">&rarr;<\/span><\/a><\/p>\n","protected":false},"author":3,"featured_media":0,"comment_status":"open","ping_status":"open","sticky":false,"template":"","format":"standard","meta":{"footnotes":""},"categories":[3,12],"tags":[],"class_list":["post-3663","post","type-post","status-publish","format-standard","hentry","category-antimilitarismus","category-hoeren-und-sehen"],"_links":{"self":[{"href":"https:\/\/www.friedensplattform.at\/index.php?rest_route=\/wp\/v2\/posts\/3663","targetHints":{"allow":["GET"]}}],"collection":[{"href":"https:\/\/www.friedensplattform.at\/index.php?rest_route=\/wp\/v2\/posts"}],"about":[{"href":"https:\/\/www.friedensplattform.at\/index.php?rest_route=\/wp\/v2\/types\/post"}],"author":[{"embeddable":true,"href":"https:\/\/www.friedensplattform.at\/index.php?rest_route=\/wp\/v2\/users\/3"}],"replies":[{"embeddable":true,"href":"https:\/\/www.friedensplattform.at\/index.php?rest_route=%2Fwp%2Fv2%2Fcomments&post=3663"}],"version-history":[{"count":0,"href":"https:\/\/www.friedensplattform.at\/index.php?rest_route=\/wp\/v2\/posts\/3663\/revisions"}],"wp:attachment":[{"href":"https:\/\/www.friedensplattform.at\/index.php?rest_route=%2Fwp%2Fv2%2Fmedia&parent=3663"}],"wp:term":[{"taxonomy":"category","embeddable":true,"href":"https:\/\/www.friedensplattform.at\/index.php?rest_route=%2Fwp%2Fv2%2Fcategories&post=3663"},{"taxonomy":"post_tag","embeddable":true,"href":"https:\/\/www.friedensplattform.at\/index.php?rest_route=%2Fwp%2Fv2%2Ftags&post=3663"}],"curies":[{"name":"wp","href":"https:\/\/api.w.org\/{rel}","templated":true}]}}