{"id":3665,"date":"2014-11-13T10:11:18","date_gmt":"2014-11-13T08:11:18","guid":{"rendered":"http:\/\/www.luxorbis.org\/friedensplattform.at\/?p=3665"},"modified":"2014-11-13T10:11:18","modified_gmt":"2014-11-13T08:11:18","slug":"kuenftig-hand-in-hand","status":"publish","type":"post","link":"https:\/\/www.friedensplattform.at\/?p=3665","title":{"rendered":"K&#252;nftig Hand in Hand?"},"content":{"rendered":"<div>\n<div>\n<p>Kampagne bringt Friedensbewegung mit Mahnwachen zusammen.<\/p>\n<p><!--more--><\/p>\n<div>\n<div>Johannes Supe<\/div>\n<\/div>\n<\/div>\n<\/div>\n<div>\n<div>\n<div>\n<div>\n<div>\n<div>\n<div>\n<div id=\"views_slideshow_cycle_main_node_slider-panel_pane_1\">\n<div id=\"views_slideshow_cycle_teaser_section_node_slider-panel_pane_1\">\n<div id=\"views_slideshow_cycle_div_node_slider-panel_pane_1_0\">\n<div><a rel=\"gallery-2986\" href=\"https:\/\/www.jungewelt.de\/sites\/default\/files\/Ostermarsch_Hamburg_38005_0.jpg\"> <img decoding=\"async\" src=\"https:\/\/www.jungewelt.de\/sites\/default\/files\/styles\/article_image\/public\/Ostermarsch_Hamburg_38005_0.jpg?itok=Zwj3B1fC\" alt=\"\" \/><\/a><\/p>\n<div><span><\/p>\n<div>\n<div>Der traditionelle Ostermarsch 2014, hier in Hamburg<\/div>\n<div><strong>FOTO: <\/strong>Bodo Marks\/dpa<\/div>\n<\/div>\n<p><\/span><\/div>\n<\/div>\n<\/div>\n<\/div>\n<\/div>\n<\/div>\n<\/div>\n<\/div>\n<\/div>\n<\/div>\n<\/div>\n<\/div>\n<div>\n<div>\n<div>\n<div id=\"social_share\">\n<div>EMPFEHLEN<\/div>\n<p><a href=\"http:\/\/www.facebook.com\/sharer.php?u=https:\/\/www.jungewelt.de\/inland\/k%C3%BCnftig-hand-hand\" target=\"_blank\">facebook<\/a> <a href=\"http:\/\/twitter.com\/share?url=https:\/\/www.jungewelt.de\/inland\/k%C3%BCnftig-hand-hand&amp;text=K%C3%BCnftig%20Hand%20in%20Hand?%20https:\/\/www.jungewelt.de\/inland\/k%C3%BCnftig-hand-hand\" target=\"_blank\">twitter<\/a> <a href=\"mailto:?Subject=K%C3%BCnftig%20Hand%20in%20Hand?&amp;Body=Kampagne%20bringt%20Friedensbewegung%20mit%20Mahnwachen%20zusammen.%20%20https:\/\/www.jungewelt.de\/inland\/k%C3%BCnftig-hand-hand\">Email<\/a><\/div>\n<\/div>\n<\/div>\n<div>\n<div>\n<div>\n<div>MEHR<\/div>\n<\/div>\n<\/div>\n<\/div>\n<\/div>\n<div>\n<div><\/div>\n<\/div>\n<div>\n<div>\n<div>9 Nov 2014 &#8211; 17:37<\/div>\n<\/div>\n<\/div>\n<div>\n<p>Ende letzter Woche stellten Sprecher der Friedensbewegung und der  Friedensmahnwachen in Berlin ihr Konzept f\u00fcr einen \u00bbFriedenswinter\u00ab  vor. \u00bbSeit &#8217;89 ist der Grundsatz, von deutschem Boden d\u00fcrfe nie wieder  Krieg ausgehen, verletzt worden. Die Bundesrepublik ist nun in 17  Interventionen verstrickt, das muss enden\u00ab, formulierte Reiner Braun,  Sprecher der Kooperation f\u00fcr den Frieden und Gesch\u00e4ftsf\u00fchrer der IALANA,  den Anspruch der Kampagne. \u00c4hnlich sieht das auch Lea Frings: \u00bbWir  befinden wir uns im Zeitalter imperialistischer Angriffskriege.\u00ab Die  Journalistin, die nach eigenen Angaben f\u00fcr den deutschen Ableger von <em>Russia Today<\/em> arbeitet, trat seit April auf diversen Mahnwachen auf. Unter dem Label  \u00bbFriedenswinter\u00ab sollen bis Mai 2015 diverse \u00bbdezentrale Aktionen\u00ab  stattfinden. Eine erste gr\u00f6\u00dfere ist bereits f\u00fcr den 13. Dezember vor dem  Schloss Bellevue angek\u00fcndigt. \u00bbDer Bundespr\u00e4sident steht f\u00fcr einen  neuen Militarismus\u00ab, erkl\u00e4rte Braun die Wahl des Kundgebungsortes vor  dessen Amtssitz.<\/p>\n<p>Den Aufruf zum Friedenswinter tragen bislang 33 Organisationen, die  meisten z\u00e4hlen zur \u00bbalten Friedensbewegung\u00ab. Aber auch verschiedene  Friedensmahnwachen unterst\u00fctzen ihn. \u00bbEs geht\u00ab, meint Reiner Braun, \u00bbum  eine Revitalisierung der Friedensbewegung.\u00ab Mit den Mahnwachen sei ein  \u00bbneues, aktives Element\u00ab dazugesto\u00dfen, w\u00e4hrend sich erstere zu lange in  einer Nische befunden habe. Zwar habe auch er den Friedensmahnwachen  anfangs skeptisch gegen\u00fcbergestanden, doch diese h\u00e4tten sich nun auf  eine antifaschistische Grundhaltung verst\u00e4ndigt. Alle anderen Positionen  m\u00fcssten \u00fcber Gespr\u00e4che gekl\u00e4rt werden, f\u00fchrten Braun und Frings vorigen  Donnerstag auf <em>jW<\/em>-Nachfrage \u00fcbereinstimmend aus. Gemeint sind  damit verschw\u00f6rungstheoretische Ans\u00e4tze, die im Umkreis der Mahnwachen  h\u00e4ufig kursieren.<\/p>\n<p>Schon Anfang Oktober war kooperiert worden. Da rief die  nordrhein-westf\u00e4lische Friedensbewegung zum Protest gegen den  NATO-St\u00fctzpunkt in Kalkar auf. Separat von ihr mobilisierten auch die  Mahnwachen. \u00bbEs kamen dann etwa 800 Menschen, gut dreimal so viele wie  zuvor\u00ab, zeigte sich Braun begeistert.<br \/>\nDie Vereinigung der Verfolgten des Naziregimes \u2013 Bund der  Antifaschistinnen und Antifaschisten (VVN-BdA) verweigert sich einer  Unterschrift unter den Kampagnenaufruf hingegen. Man wolle nicht mit den  Friedensmahnwachen in Verbindung gebracht werden, so Ulrich Sander,  Bundessprecher des VVN-BdA, gegen\u00fcber <em>jW<\/em>. Arbeit mit jungen  Menschen, die durch die Mahnwachen auf Friedensthemen aufmerksam  geworden sind, h\u00e4lt auch er f\u00fcr notwendig. \u00bbDaf\u00fcr\u00ab, sagte Sander,  \u00bbbraucht es aber keine Zusammenarbeit mit deren Gr\u00fcndern.\u00ab<br \/>\n\u00bbDie Diskussion um Antisemitismus und Verschw\u00f6rungstheorien bei den  Mahnwachen gab es bei uns ebenfalls\u00ab, erkl\u00e4rte Monty Sch\u00e4del,  politischer Gesch\u00e4ftsf\u00fchrer der Deutschen Friedensgesellschaft \u2013  Vereinigte KriegsdienstgegnerInnen (DFG-VK). Dennoch habe man den  Kampagnenaufruf unterschrieben.<\/div>\n","protected":false},"excerpt":{"rendered":"<p>Kampagne bringt Friedensbewegung mit Mahnwachen zusammen.<\/p>\n","protected":false},"author":3,"featured_media":0,"comment_status":"open","ping_status":"open","sticky":false,"template":"","format":"standard","meta":{"footnotes":""},"categories":[1,3],"tags":[],"class_list":["post-3665","post","type-post","status-publish","format-standard","hentry","category-allgemein","category-antimilitarismus"],"_links":{"self":[{"href":"https:\/\/www.friedensplattform.at\/index.php?rest_route=\/wp\/v2\/posts\/3665","targetHints":{"allow":["GET"]}}],"collection":[{"href":"https:\/\/www.friedensplattform.at\/index.php?rest_route=\/wp\/v2\/posts"}],"about":[{"href":"https:\/\/www.friedensplattform.at\/index.php?rest_route=\/wp\/v2\/types\/post"}],"author":[{"embeddable":true,"href":"https:\/\/www.friedensplattform.at\/index.php?rest_route=\/wp\/v2\/users\/3"}],"replies":[{"embeddable":true,"href":"https:\/\/www.friedensplattform.at\/index.php?rest_route=%2Fwp%2Fv2%2Fcomments&post=3665"}],"version-history":[{"count":0,"href":"https:\/\/www.friedensplattform.at\/index.php?rest_route=\/wp\/v2\/posts\/3665\/revisions"}],"wp:attachment":[{"href":"https:\/\/www.friedensplattform.at\/index.php?rest_route=%2Fwp%2Fv2%2Fmedia&parent=3665"}],"wp:term":[{"taxonomy":"category","embeddable":true,"href":"https:\/\/www.friedensplattform.at\/index.php?rest_route=%2Fwp%2Fv2%2Fcategories&post=3665"},{"taxonomy":"post_tag","embeddable":true,"href":"https:\/\/www.friedensplattform.at\/index.php?rest_route=%2Fwp%2Fv2%2Ftags&post=3665"}],"curies":[{"name":"wp","href":"https:\/\/api.w.org\/{rel}","templated":true}]}}