{"id":3676,"date":"2014-11-20T09:43:34","date_gmt":"2014-11-20T07:43:34","guid":{"rendered":"http:\/\/www.luxorbis.org\/friedensplattform.at\/?p=3676"},"modified":"2014-11-20T09:43:34","modified_gmt":"2014-11-20T07:43:34","slug":"die-speerspitze-der-unappetitlichen-gesellen-von-evelyn-hecht-galinski","status":"publish","type":"post","link":"https:\/\/www.friedensplattform.at\/?p=3676","title":{"rendered":"Die Speerspitze der &quot;unappetitlichen Gesellen&quot; Von Evelyn Hecht-Galinski"},"content":{"rendered":"<p>Vergangenen Donnerstag fand im deutschen Bundestag auf Antrag der Linken eine Sitzung &#8222;Einstieg in den Ausstieg- Sanktionen gegen Russland aufheben&#8220;, statt.(1) RednerInnen aller Parteien tauschten sich ergiebig aus, nat\u00fcrlich &#8211; au\u00dfer den Antragstellern &#8211; Russland kritisch. Aber was Marieluise Beck, die Sprecherin f\u00fcr Osteuropa der Gr\u00fcnen, von sich gab, war unfassbar. Von ihr ist man ja schon das Schlimmste gew\u00f6hnt an unkritischer Ukraine-Verehrung, aber was sie hier an pers\u00f6nlichen Diffamierungen gegen Ken Jebsen vorbrachte war unertr\u00e4glich.<\/p>\n<p><!--more--><\/p>\n<p><a href=\"http:\/\/www.nrhz.de\/flyer\/beitrag.php?id=21002\" target=\"_blank\">http:\/\/www.nrhz.de\/flyer\/beitrag.php?id=21002<\/a><\/p>\n<p>Aktueller Online-Flyer vom 19. November 2014<br \/>\n<strong>Kommentar vom &#8222;Hochblauen&#8220;<\/strong><strong><br \/>\nDie Speerspitze der &#8222;unappetitlichen Gesellen&#8220;<br \/>\nVon Evelyn Hecht-Galinski<\/strong><\/p>\n","protected":false},"excerpt":{"rendered":"<p>Vergangenen Donnerstag fand im deutschen Bundestag auf Antrag der Linken eine Sitzung &#8222;Einstieg in den Ausstieg- Sanktionen gegen Russland aufheben&#8220;, statt.(1) RednerInnen aller Parteien tauschten sich ergiebig aus, nat\u00fcrlich &#8211; au\u00dfer den Antragstellern &#8211; Russland kritisch. Aber was Marieluise Beck, die Sprecherin f\u00fcr Osteuropa der Gr\u00fcnen, von sich gab, war unfassbar. Von ihr ist man &hellip; <a href=\"https:\/\/www.friedensplattform.at\/?p=3676\" class=\"more-link\"><span class=\"screen-reader-text\">Die Speerspitze der &quot;unappetitlichen Gesellen&quot; Von Evelyn Hecht-Galinski<\/span> weiterlesen <span class=\"meta-nav\">&rarr;<\/span><\/a><\/p>\n","protected":false},"author":3,"featured_media":0,"comment_status":"open","ping_status":"open","sticky":false,"template":"","format":"standard","meta":{"footnotes":""},"categories":[1,17],"tags":[],"class_list":["post-3676","post","type-post","status-publish","format-standard","hentry","category-allgemein","category-meinung"],"_links":{"self":[{"href":"https:\/\/www.friedensplattform.at\/index.php?rest_route=\/wp\/v2\/posts\/3676","targetHints":{"allow":["GET"]}}],"collection":[{"href":"https:\/\/www.friedensplattform.at\/index.php?rest_route=\/wp\/v2\/posts"}],"about":[{"href":"https:\/\/www.friedensplattform.at\/index.php?rest_route=\/wp\/v2\/types\/post"}],"author":[{"embeddable":true,"href":"https:\/\/www.friedensplattform.at\/index.php?rest_route=\/wp\/v2\/users\/3"}],"replies":[{"embeddable":true,"href":"https:\/\/www.friedensplattform.at\/index.php?rest_route=%2Fwp%2Fv2%2Fcomments&post=3676"}],"version-history":[{"count":0,"href":"https:\/\/www.friedensplattform.at\/index.php?rest_route=\/wp\/v2\/posts\/3676\/revisions"}],"wp:attachment":[{"href":"https:\/\/www.friedensplattform.at\/index.php?rest_route=%2Fwp%2Fv2%2Fmedia&parent=3676"}],"wp:term":[{"taxonomy":"category","embeddable":true,"href":"https:\/\/www.friedensplattform.at\/index.php?rest_route=%2Fwp%2Fv2%2Fcategories&post=3676"},{"taxonomy":"post_tag","embeddable":true,"href":"https:\/\/www.friedensplattform.at\/index.php?rest_route=%2Fwp%2Fv2%2Ftags&post=3676"}],"curies":[{"name":"wp","href":"https:\/\/api.w.org\/{rel}","templated":true}]}}