{"id":3681,"date":"2014-11-22T19:15:02","date_gmt":"2014-11-22T17:15:02","guid":{"rendered":"http:\/\/www.luxorbis.org\/friedensplattform.at\/?p=3681"},"modified":"2014-11-22T19:15:02","modified_gmt":"2014-11-22T17:15:02","slug":"diskussion-syrien-gestern-heute-morgen","status":"publish","type":"post","link":"https:\/\/www.friedensplattform.at\/?p=3681","title":{"rendered":"Diskussion: Syrien: gestern, heute, morgen"},"content":{"rendered":"<h3><span><span><span>Dienstag, 2. Dezember 2014, 19 Uhr<\/span><\/span><\/span><\/h3>\n<h3><span> <\/span><\/h3>\n<h3><span> <span><span>Afro-Asiatisches Institut Graz, Leechgasse 24, 8010 Graz<\/span><\/span><\/span><\/h3>\n<h3><span> <\/span><\/h3>\n<p><span> Vier Jahre nach Kriegsausbruch gleicht Syrien einem humanit\u00e4ren  Tr\u00fcmmerfeld.<!--more--> Aus Protesten gegen das Regime Bashar al-Assads ist ein  komplexer Krieg geworden, der die ganze Region mitzurei\u00dfen droht.  Gegenw\u00e4rtig sind mehr als 200.000 Tote und zw\u00f6lf Millionen Fl\u00fcchtlinge  zu beklagen \u2013 neun Millionen davon sind Binnenfl\u00fcchtlinge.<br \/>\nDie  Entwicklungen in Syrien werfen viele Fragen auf: Wie gestaltet sich die  aktuelle politische Lage? Wo liegen die Wurzeln des Konflikts, und wie  kam es zum Erstarken des IS? Welche Rolle spielt die EU im Syrienkrieg?  Haben friedenspolitische Initiativen vor Ort eine Chance? Und wie kann  eine friedliche Zukunft im multiethnischen 20-Millionen-Land<span> aussehen?<\/p>\n<p>Es diskutieren der Friedensforscher Maximilian Lakitsch (\u00d6sterr.  Studienzentrum f\u00fcr Frieden und Konfliktl\u00f6sung \/ Burg Schlaining) und der  syrische Theologe Ephrem Aboud Ishac (Forschungszentrum Buch- und  Schrifterbe \/ Karl-Franzens Universit\u00e4t Graz).<br \/>\nModeration: Alexandra Marics (Dolmetscherin, Institut f\u00fcr Translationswissenschaft \/ Karl-Franzens Universit\u00e4t Graz)<\/p>\n<p>Die Veranstaltung findet in englischer Sprache statt.<\/p>\n<p>CURRENT AFFAIRS<br \/>\nSYRIA: past, present, future<\/p>\n<p>In its four years of war Syria has deteriorated to a vast expanse of  humanitarian debris. Protests against the oppressive regime of Bashar  al-Assad turned into a complex war which today threatens to jeopardize  the entire region. The toll so far is an estimated 200,000 dead and 2.5  million Syrian refugees of which nine million are displaced within  Syria.<\/p>\n<p>The alarming developments in Syria raise many questions.  What is the current political situation? What are the roots of the  conflict and how can the upsurge of the Islamic State-IS be explained?  What is the stand and role of the European Union in the war in Syria? Do  peace policy initiatives on the ground have a chance to succeed? What  could be the design of a peaceful future of Syria as a multi-ethnic  nation of 20 million people?<\/p>\n<p>A critical discussion of peace  researcher Maximilian Lakitsch (Austrian Research Center for Peace and  Conflict Resolution \/ Burg Schlaining) with the Syrian theologian Ephrem  Aboud Ishac (Research Center Written Heritage, University of Graz)<br \/>\nModeration: Alexandra Marics (Interpreter, Department of Translation Studies, University of Graz)<br \/>\nThe discussion will be held in English.<\/p>\n<p>Eine Veranstaltung des Afro-Asiatischen Instituts Graz in Kooperation  mit dem \u00d6sterreichischen Studierzentrum f\u00fcr Frieden und Konfliktl\u00f6sung-  \u00d6SFK.<\/span><\/span><\/p>\n","protected":false},"excerpt":{"rendered":"<p>Dienstag, 2. Dezember 2014, 19 Uhr Afro-Asiatisches Institut Graz, Leechgasse 24, 8010 Graz Vier Jahre nach Kriegsausbruch gleicht Syrien einem humanit\u00e4ren Tr\u00fcmmerfeld.<\/p>\n","protected":false},"author":2,"featured_media":0,"comment_status":"open","ping_status":"open","sticky":false,"template":"","format":"standard","meta":{"footnotes":""},"categories":[1],"tags":[],"class_list":["post-3681","post","type-post","status-publish","format-standard","hentry","category-allgemein"],"_links":{"self":[{"href":"https:\/\/www.friedensplattform.at\/index.php?rest_route=\/wp\/v2\/posts\/3681","targetHints":{"allow":["GET"]}}],"collection":[{"href":"https:\/\/www.friedensplattform.at\/index.php?rest_route=\/wp\/v2\/posts"}],"about":[{"href":"https:\/\/www.friedensplattform.at\/index.php?rest_route=\/wp\/v2\/types\/post"}],"author":[{"embeddable":true,"href":"https:\/\/www.friedensplattform.at\/index.php?rest_route=\/wp\/v2\/users\/2"}],"replies":[{"embeddable":true,"href":"https:\/\/www.friedensplattform.at\/index.php?rest_route=%2Fwp%2Fv2%2Fcomments&post=3681"}],"version-history":[{"count":0,"href":"https:\/\/www.friedensplattform.at\/index.php?rest_route=\/wp\/v2\/posts\/3681\/revisions"}],"wp:attachment":[{"href":"https:\/\/www.friedensplattform.at\/index.php?rest_route=%2Fwp%2Fv2%2Fmedia&parent=3681"}],"wp:term":[{"taxonomy":"category","embeddable":true,"href":"https:\/\/www.friedensplattform.at\/index.php?rest_route=%2Fwp%2Fv2%2Fcategories&post=3681"},{"taxonomy":"post_tag","embeddable":true,"href":"https:\/\/www.friedensplattform.at\/index.php?rest_route=%2Fwp%2Fv2%2Ftags&post=3681"}],"curies":[{"name":"wp","href":"https:\/\/api.w.org\/{rel}","templated":true}]}}