{"id":3684,"date":"2014-11-23T16:32:14","date_gmt":"2014-11-23T14:32:14","guid":{"rendered":"http:\/\/www.luxorbis.org\/friedensplattform.at\/?p=3684"},"modified":"2014-11-23T16:32:14","modified_gmt":"2014-11-23T14:32:14","slug":"verantwortlich-fuer-die-gewalt-ist-die-besatzung","status":"publish","type":"post","link":"https:\/\/www.friedensplattform.at\/?p=3684","title":{"rendered":"\u00bbVerantwortlich f&#252;r die Gewalt ist die Besatzung\u00ab"},"content":{"rendered":"<p>Gespr\u00e4ch mit Helga Baumgarten. \u00dcber den j\u00fcngsten  Gaza-Krieg, den<\/p>\n<p>politischen Kampf der Pal\u00e4stinenser und Perspektiven f\u00fcr  eine<\/p>\n<p>Zweistaatenl\u00f6sung<\/p>\n<p><!--more--><br \/>\n<a href=\"https:\/\/www.jungewelt.de\/printpdf\/3808\" target=\"_blank\">https:\/\/www.jungewelt.de\/printpdf\/3808<\/a><\/p>\n","protected":false},"excerpt":{"rendered":"<p>Gespr\u00e4ch mit Helga Baumgarten. \u00dcber den j\u00fcngsten Gaza-Krieg, den politischen Kampf der Pal\u00e4stinenser und Perspektiven f\u00fcr eine Zweistaatenl\u00f6sung<\/p>\n","protected":false},"author":3,"featured_media":0,"comment_status":"open","ping_status":"open","sticky":false,"template":"","format":"standard","meta":{"footnotes":""},"categories":[18],"tags":[],"class_list":["post-3684","post","type-post","status-publish","format-standard","hentry","category-palaestina-solidaritaet"],"_links":{"self":[{"href":"https:\/\/www.friedensplattform.at\/index.php?rest_route=\/wp\/v2\/posts\/3684","targetHints":{"allow":["GET"]}}],"collection":[{"href":"https:\/\/www.friedensplattform.at\/index.php?rest_route=\/wp\/v2\/posts"}],"about":[{"href":"https:\/\/www.friedensplattform.at\/index.php?rest_route=\/wp\/v2\/types\/post"}],"author":[{"embeddable":true,"href":"https:\/\/www.friedensplattform.at\/index.php?rest_route=\/wp\/v2\/users\/3"}],"replies":[{"embeddable":true,"href":"https:\/\/www.friedensplattform.at\/index.php?rest_route=%2Fwp%2Fv2%2Fcomments&post=3684"}],"version-history":[{"count":0,"href":"https:\/\/www.friedensplattform.at\/index.php?rest_route=\/wp\/v2\/posts\/3684\/revisions"}],"wp:attachment":[{"href":"https:\/\/www.friedensplattform.at\/index.php?rest_route=%2Fwp%2Fv2%2Fmedia&parent=3684"}],"wp:term":[{"taxonomy":"category","embeddable":true,"href":"https:\/\/www.friedensplattform.at\/index.php?rest_route=%2Fwp%2Fv2%2Fcategories&post=3684"},{"taxonomy":"post_tag","embeddable":true,"href":"https:\/\/www.friedensplattform.at\/index.php?rest_route=%2Fwp%2Fv2%2Ftags&post=3684"}],"curies":[{"name":"wp","href":"https:\/\/api.w.org\/{rel}","templated":true}]}}