{"id":3687,"date":"2014-11-23T16:37:45","date_gmt":"2014-11-23T14:37:45","guid":{"rendered":"http:\/\/www.luxorbis.org\/friedensplattform.at\/?p=3687"},"modified":"2014-11-23T16:37:45","modified_gmt":"2014-11-23T14:37:45","slug":"eu-sozialdemokraten-fordern-von-israel-gaza-zugang","status":"publish","type":"post","link":"https:\/\/www.friedensplattform.at\/?p=3687","title":{"rendered":"EU-Sozialdemokraten fordern von Israel Gaza-Zugang"},"content":{"rendered":"<p>Die Sozialdemokraten im EU-Parlament fordern Israel auf, alle  &#8222;pal\u00e4stinensischen politischen H\u00e4ftlinge&#8220; freizulassen. Auch wollen sie  Zutritt f\u00fcr alle EU-Abgeordneten zum &#8222;Freiluftgef\u00e4ngnis&#8220; Gaza.<!--more--><\/p>\n<p><a href=\"http:\/\/\">http:\/\/www.welt.de\/politik\/ausland\/article134565168\/EU-Sozialdemokraten-fordern-von-Israel-Gaza-Zugang.html<\/a><\/p>\n","protected":false},"excerpt":{"rendered":"<p>Die Sozialdemokraten im EU-Parlament fordern Israel auf, alle &#8222;pal\u00e4stinensischen politischen H\u00e4ftlinge&#8220; freizulassen. Auch wollen sie Zutritt f\u00fcr alle EU-Abgeordneten zum &#8222;Freiluftgef\u00e4ngnis&#8220; Gaza.<\/p>\n","protected":false},"author":3,"featured_media":0,"comment_status":"open","ping_status":"open","sticky":false,"template":"","format":"standard","meta":{"footnotes":""},"categories":[17],"tags":[],"class_list":["post-3687","post","type-post","status-publish","format-standard","hentry","category-meinung"],"_links":{"self":[{"href":"https:\/\/www.friedensplattform.at\/index.php?rest_route=\/wp\/v2\/posts\/3687","targetHints":{"allow":["GET"]}}],"collection":[{"href":"https:\/\/www.friedensplattform.at\/index.php?rest_route=\/wp\/v2\/posts"}],"about":[{"href":"https:\/\/www.friedensplattform.at\/index.php?rest_route=\/wp\/v2\/types\/post"}],"author":[{"embeddable":true,"href":"https:\/\/www.friedensplattform.at\/index.php?rest_route=\/wp\/v2\/users\/3"}],"replies":[{"embeddable":true,"href":"https:\/\/www.friedensplattform.at\/index.php?rest_route=%2Fwp%2Fv2%2Fcomments&post=3687"}],"version-history":[{"count":0,"href":"https:\/\/www.friedensplattform.at\/index.php?rest_route=\/wp\/v2\/posts\/3687\/revisions"}],"wp:attachment":[{"href":"https:\/\/www.friedensplattform.at\/index.php?rest_route=%2Fwp%2Fv2%2Fmedia&parent=3687"}],"wp:term":[{"taxonomy":"category","embeddable":true,"href":"https:\/\/www.friedensplattform.at\/index.php?rest_route=%2Fwp%2Fv2%2Fcategories&post=3687"},{"taxonomy":"post_tag","embeddable":true,"href":"https:\/\/www.friedensplattform.at\/index.php?rest_route=%2Fwp%2Fv2%2Ftags&post=3687"}],"curies":[{"name":"wp","href":"https:\/\/api.w.org\/{rel}","templated":true}]}}