{"id":3708,"date":"2014-12-07T18:17:09","date_gmt":"2014-12-07T16:17:09","guid":{"rendered":"http:\/\/www.luxorbis.org\/friedensplattform.at\/?p=3708"},"modified":"2014-12-07T18:17:09","modified_gmt":"2014-12-07T16:17:09","slug":"aufforderung-oesterreichs-zur-anerkennung-palaestinas","status":"publish","type":"post","link":"https:\/\/www.friedensplattform.at\/?p=3708","title":{"rendered":"Aufforderung &#214;sterreichs zur Anerkennung Pal&#228;stinas!"},"content":{"rendered":"<div id=\"article\">\n<p id=\"teaser\">Die  \u00d6sterreichisch-Pal\u00e4stinensische Gesellschaft hat die Bundesregierung  aufgefordert, Pal\u00e4stina als Staat anzuerkennen. Der am Freitag  ver\u00f6ffentlichte Offene Brief an Au\u00dfenminister Sebastian Kurz (\u00d6VP) wurde  auch von zwei ehemaligen SP\u00d6-Politikern, dem fr\u00fcheren Fraktionschef der  EU-Sozialdemokraten, Hannes Swoboda, und Ex-Au\u00dfenminister Erwin Lanc,  mitunterzeichnet.<\/p>\n<p><!--more--><\/p>\n<div id=\"media\">\n<div>\n<div>\n<p style=\"float:left;padding-left:4px;\">Brief geht an Au\u00dfenminister Kurz.<\/p>\n<p style=\"float:right;padding-left:4px;margin-top:2px;text-transform: uppercase;\">Bild: SN\/APA\/HERBERT NEUBAUER<\/p>\n<\/div>\n<\/div>\n<\/div>\n<div><span>Muna  Duzdar, Pr\u00e4sidentin der Gesellschaft, verweist in dem Brief auf die  bereits erfolgte Anerkennung eines pal\u00e4stinensischen Staates durch die  schwedische Regierung. Eine solche Anerkennung sei ein &#8222;wichtiger  friedenspolitischer Schritt&#8220;, denn nur durch eine &#8222;Gleichziehen&#8220;  Pal\u00e4stinas mit dem international anerkannten Staat Israel &#8222;besteht eine  realistische Chance auf Verst\u00e4ndigung, Frieden und eine gute Heimat f\u00fcr  beide V\u00f6lker&#8220;. Vor zwei Tagen hatten mehrere europ\u00e4ische  Israel-Freundschaftsgesellschaften &#8211; darunter auch die \u00f6sterreichische &#8211;  hingegen an die Parlamente und Regierungen in Europa appelliert, von  einer &#8222;vorschnellen&#8220; Anerkennung Pal\u00e4stinas als Staat abzusehen.<\/p>\n<p>In  den vergangenen Wochen haben mehrere europ\u00e4ische L\u00e4nder eine  Anerkennung Pal\u00e4stinas als Staat diskutiert. Schweden erkannte Pal\u00e4stina  Ende Oktober offiziell an. In Frankreich, Gro\u00dfbritannien und Spanien  haben die Parlamente einen derartigen Schritt empfohlen. Auch das  EU-Parlament wird im Dezember dar\u00fcber abstimmen, ob es sich  unverbindlich f\u00fcr eine sofortige Anerkennung Pal\u00e4stinas als Staat  ausspricht. Weltweit haben bereits rund 135 L\u00e4nder den Staat Pal\u00e4stina  anerkannt. \u00d6sterreich geh\u00f6rt nicht dazu.<\/p>\n<p>Die UNO hatte 1947 die Aufteilung des britischen Mandatsgebietes  Pal\u00e4stina in einen j\u00fcdischen und einen arabischen Staat verf\u00fcgt. Doch  nach der Proklamation des j\u00fcdischen Staates Israel am 14. Mai 1948  erfolgte keine entsprechende Gr\u00fcndung eines arabischen Staates, sondern  eine Kriegserkl\u00e4rung der arabischen Nachbarstaaten an Israel. Der  darauffolgende Erste Israelisch-arabische Krieg brachte Israel  bedeutende Gebietsgewinne gegen\u00fcber dem Teilungsplan.<\/p>\n<p>Die  urspr\u00fcnglich f\u00fcr einen arabischen Staat vorgesehenen Gebiete wurden nach  dem Waffenstillstand 1949 von \u00c4gypten und Transjordanien (heute  Jordanien) besetzt, bis sie im Sechs-Tage-Krieg 1967 von Israel erobert  wurden und seitdem v\u00f6lkerrechtlich als &#8222;besetzte Gebiete&#8220; gelten.<\/p>\n<p><a href=\"http:\/\/\">http:\/\/www.salzburg.com\/nachrichten\/welt\/politik\/sn\/artikel\/aufforderung-zur-anerkennung-palaestinas-130464\/<\/a><\/p>\n<p><\/span><\/div>\n<\/div>\n","protected":false},"excerpt":{"rendered":"<p>Die \u00d6sterreichisch-Pal\u00e4stinensische Gesellschaft hat die Bundesregierung aufgefordert, Pal\u00e4stina als Staat anzuerkennen. Der am Freitag ver\u00f6ffentlichte Offene Brief an Au\u00dfenminister Sebastian Kurz (\u00d6VP) wurde auch von zwei ehemaligen SP\u00d6-Politikern, dem fr\u00fcheren Fraktionschef der EU-Sozialdemokraten, Hannes Swoboda, und Ex-Au\u00dfenminister Erwin Lanc, mitunterzeichnet.<\/p>\n","protected":false},"author":3,"featured_media":0,"comment_status":"open","ping_status":"open","sticky":false,"template":"","format":"standard","meta":{"footnotes":""},"categories":[1,5],"tags":[],"class_list":["post-3708","post","type-post","status-publish","format-standard","hentry","category-allgemein","category-arabischer-raum"],"_links":{"self":[{"href":"https:\/\/www.friedensplattform.at\/index.php?rest_route=\/wp\/v2\/posts\/3708","targetHints":{"allow":["GET"]}}],"collection":[{"href":"https:\/\/www.friedensplattform.at\/index.php?rest_route=\/wp\/v2\/posts"}],"about":[{"href":"https:\/\/www.friedensplattform.at\/index.php?rest_route=\/wp\/v2\/types\/post"}],"author":[{"embeddable":true,"href":"https:\/\/www.friedensplattform.at\/index.php?rest_route=\/wp\/v2\/users\/3"}],"replies":[{"embeddable":true,"href":"https:\/\/www.friedensplattform.at\/index.php?rest_route=%2Fwp%2Fv2%2Fcomments&post=3708"}],"version-history":[{"count":0,"href":"https:\/\/www.friedensplattform.at\/index.php?rest_route=\/wp\/v2\/posts\/3708\/revisions"}],"wp:attachment":[{"href":"https:\/\/www.friedensplattform.at\/index.php?rest_route=%2Fwp%2Fv2%2Fmedia&parent=3708"}],"wp:term":[{"taxonomy":"category","embeddable":true,"href":"https:\/\/www.friedensplattform.at\/index.php?rest_route=%2Fwp%2Fv2%2Fcategories&post=3708"},{"taxonomy":"post_tag","embeddable":true,"href":"https:\/\/www.friedensplattform.at\/index.php?rest_route=%2Fwp%2Fv2%2Ftags&post=3708"}],"curies":[{"name":"wp","href":"https:\/\/api.w.org\/{rel}","templated":true}]}}