{"id":3712,"date":"2014-12-08T09:43:29","date_gmt":"2014-12-08T07:43:29","guid":{"rendered":"http:\/\/www.luxorbis.org\/friedensplattform.at\/?p=3712"},"modified":"2014-12-08T09:43:29","modified_gmt":"2014-12-08T07:43:29","slug":"heute-demo-gegen-useu-freihandelsabkommen-in-graz","status":"publish","type":"post","link":"https:\/\/www.friedensplattform.at\/?p=3712","title":{"rendered":"HEUTE! Demo gegen US+EU Freihandelsabkommen in Graz"},"content":{"rendered":"<p><!--more--><\/p>\n<p><span><strong>STOP TTIP \/             CETA \/ TISA<\/strong><\/span><\/p>\n<div><span>Prostestzug gegen die             umstrittenen Freihandelsabkommen<\/span><\/div>\n<div><span> <\/span><\/div>\n<div><span>Unsere\u00a0 Demokratie             wird zunehmend von Freihandelsabkommen wie TTIP, TISA, oder\u00a0             CETA unter Druck gesetzt. Lebensmittel- und Umweltstandards,             ArbeitnehmerInnenrechte, Datenschutz und             Gesundheitsstandards stehen auf dem\u00a0 Spiel. Die als             \u201eInvestorenschutz\u201c deklarierten Klagerechte f\u00fcr Konzerne             hebeln unsere demokratischen und rechtstaatlichen Strukturen             aus und\u00a0 erschaffen eine Schattenherrschaft der Konzerne. <\/span><\/div>\n<div><span> <\/span><\/div>\n<div><span>Es wird versucht den             Eindruck zu vermitteln, dass B\u00fcrgerInnen am Ende             profitieren, Arbeitspl\u00e4tze entstehen und der Wohlstand             w\u00e4chst. Tats\u00e4chlich ist zu bef\u00fcrchten, dass das Gegenteil             eintritt. Widerstand der Bev\u00f6lkerung wird ignoriert und             \u00fcbergangen; eine europaweite <\/span>B\u00fcrgerInnenInitiative<span> wurde von der             Europ\u00e4ischen Kommission abgewiesen und nicht behandelt.<\/span><\/div>\n<div><span> <\/span><\/div>\n<div><span>Die\u00a0 Zivilgesellschaft             kann dies nicht mehr hinnehmen! Es gilt, unsere Demokratie             und unsere Rechte zu verteidigen und lautstark Protest zu             \u00fcben!<\/span><\/div>\n<div><span> <\/span><\/div>\n<div><span>Aus diesen Gr\u00fcnden             ruft ein B\u00fcndnis verschiedenster Plattformen zur             Demonstration gegen die geplanten Freihandelsabkommen und             f\u00fcr eine gemeinwohlorientierte Handelspolitik auf!<\/span><\/div>\n<div><span> <\/span><\/div>\n<p><span>Der Protestzug           findet am <strong>8. Dezember<\/strong> um <strong>14:00 Uhr<\/strong> statt,           Startpunkt ist der <strong>S\u00fcdtiroler Platz<\/strong>.<\/span><\/p>\n","protected":false},"excerpt":{"rendered":"","protected":false},"author":3,"featured_media":0,"comment_status":"open","ping_status":"open","sticky":false,"template":"","format":"standard","meta":{"footnotes":""},"categories":[21],"tags":[],"class_list":["post-3712","post","type-post","status-publish","format-standard","hentry","category-veranstaltungshinweise"],"_links":{"self":[{"href":"https:\/\/www.friedensplattform.at\/index.php?rest_route=\/wp\/v2\/posts\/3712","targetHints":{"allow":["GET"]}}],"collection":[{"href":"https:\/\/www.friedensplattform.at\/index.php?rest_route=\/wp\/v2\/posts"}],"about":[{"href":"https:\/\/www.friedensplattform.at\/index.php?rest_route=\/wp\/v2\/types\/post"}],"author":[{"embeddable":true,"href":"https:\/\/www.friedensplattform.at\/index.php?rest_route=\/wp\/v2\/users\/3"}],"replies":[{"embeddable":true,"href":"https:\/\/www.friedensplattform.at\/index.php?rest_route=%2Fwp%2Fv2%2Fcomments&post=3712"}],"version-history":[{"count":0,"href":"https:\/\/www.friedensplattform.at\/index.php?rest_route=\/wp\/v2\/posts\/3712\/revisions"}],"wp:attachment":[{"href":"https:\/\/www.friedensplattform.at\/index.php?rest_route=%2Fwp%2Fv2%2Fmedia&parent=3712"}],"wp:term":[{"taxonomy":"category","embeddable":true,"href":"https:\/\/www.friedensplattform.at\/index.php?rest_route=%2Fwp%2Fv2%2Fcategories&post=3712"},{"taxonomy":"post_tag","embeddable":true,"href":"https:\/\/www.friedensplattform.at\/index.php?rest_route=%2Fwp%2Fv2%2Ftags&post=3712"}],"curies":[{"name":"wp","href":"https:\/\/api.w.org\/{rel}","templated":true}]}}