{"id":3720,"date":"2014-12-10T09:29:48","date_gmt":"2014-12-10T07:29:48","guid":{"rendered":"http:\/\/www.luxorbis.org\/friedensplattform.at\/?p=3720"},"modified":"2014-12-10T09:29:48","modified_gmt":"2014-12-10T07:29:48","slug":"jose-mujica-humanitaere-geste-des-tages","status":"publish","type":"post","link":"https:\/\/www.friedensplattform.at\/?p=3720","title":{"rendered":"Jos\u00e9 Mujica: Humanit&#228;re Geste des Tages"},"content":{"rendered":"<div>\n<div>\n<div>Gro\u00dfe Geste eines kleinen Landes: Uruguay hat sechs H\u00e4ftlinge aus  dem  US-Sondergefangenenlager Guant\u00e1namo auf Kuba aufgenommen.<\/div>\n<div><!--more--><\/div>\n<div><a href=\"http:\/\/\">https:\/\/www.jungewelt.de\/ansichten\/jos%C3%A9-mujica<\/a><\/div>\n<div><\/div>\n<div><\/div>\n<div>Portr\u00e4t<\/div>\n<h1>Jos\u00e9 Mujica<\/h1>\n<div>Humanit\u00e4re Geste des Tages<\/div>\n<\/div>\n<\/div>\n<div>\n<div>\n<div>\n<div>\n<div>\n<div>\n<div>\n<div id=\"views_slideshow_cycle_main_node_slider-panel_pane_1\">\n<div id=\"views_slideshow_cycle_teaser_section_node_slider-panel_pane_1\">\n<div id=\"views_slideshow_cycle_div_node_slider-panel_pane_1_0\">\n<div><a rel=\"gallery-4604\" href=\"https:\/\/www.jungewelt.de\/sites\/default\/files\/RTR3TWJ2.jpg\"> <img decoding=\"async\" src=\"https:\/\/www.jungewelt.de\/sites\/default\/files\/styles\/article_image\/public\/RTR3TWJ2.jpg?itok=BlUTEENb&amp;c=2f99e321aa6eb0f432e2c87531e940cd\" alt=\"\" \/><\/a><\/p>\n<div><span><\/p>\n<div>\n<div>Uruguays scheidener Pr\u00e4sident: Jos\u00e9 Mujica<\/div>\n<div><strong>FOTO: <\/strong>Enrique Castro-Mendivil\/Reuters<\/div>\n<\/div>\n<p><\/span><\/div>\n<\/div>\n<\/div>\n<\/div>\n<\/div>\n<\/div>\n<\/div>\n<\/div>\n<\/div>\n<\/div>\n<\/div>\n<\/div>\n<div>\n<div>\n<div>\n<div id=\"social_share\">\n<div>EMPFEHLEN<\/div>\n<p><a href=\"http:\/\/www.facebook.com\/sharer.php?u=https:\/\/www.jungewelt.de\/ansichten\/jos%C3%A9-mujica\" target=\"_blank\">facebook<\/a> <a href=\"http:\/\/twitter.com\/share?url=https:\/\/www.jungewelt.de\/ansichten\/jos%C3%A9-mujica&amp;text=Jos%C3%A9%20Mujica%20https:\/\/www.jungewelt.de\/ansichten\/jos%C3%A9-mujica\" target=\"_blank\">twitter<\/a> <a href=\"mailto:?Subject=Jos%C3%A9%20Mujica&amp;Body=Humanit%C3%A4re%20Geste%20des%20Tages%20https:\/\/www.jungewelt.de\/ansichten\/jos%C3%A9-mujica\">Email<\/a><\/div>\n<\/div>\n<\/div>\n<div>\n<div>\n<div>\n<div>MEHR<\/div>\n<\/div>\n<\/div>\n<\/div>\n<\/div>\n<div>\n<div>\n<div>\n<div><\/div>\n<\/div>\n<div>\n<div>\n<div>07.12.2014<\/div>\n<\/div>\n<\/div>\n<div>\n<p>Gro\u00dfe Geste eines kleinen Landes: Uruguay hat sechs H\u00e4ftlinge aus  dem US-Sondergefangenenlager Guant\u00e1namo auf Kuba aufgenommen. Wie die  US-Regierung am Wochenende best\u00e4tigte, wurden vier Syrer, ein  Pal\u00e4stinenser und ein Tunesier mit einem Milit\u00e4rflugzeug in das  s\u00fcdamerikanische Land geflogen. Die M\u00e4nner waren 2002 festgenommen  worden, weil sie angeblich f\u00fcr Al-Qaida gek\u00e4mpft haben sollen. Angeklagt  worden war in den vergangenen zw\u00f6lf Jahren kein einziger von ihnen.  Nach ihrer Freilassung bleiben immer noch 136 H\u00e4ftlinge in Guant\u00e1namo  interniert \u2013 66 von ihnen stellen selbst nach Einsch\u00e4tzung der Beh\u00f6rden  keine Gefahr dar, sie finden aber keine Aufnahmel\u00e4nder. In die USA  d\u00fcrfen sie nicht, da stellt sich der Kongress quer.<\/p>\n<p>Uruguays scheidender Pr\u00e4sident Jos\u00e9 \u00bbPepe\u00ab Mujica hatte am Freitag in  einem offenen Brief an seinen US-Amtskollegen Barack Obama angek\u00fcndigt,  dass sein Land \u00bbals humanit\u00e4re Geste\u00ab die Gefangenen aufnehmen werde.  Diese seien Opfer \u00bbeiner grausamen Entf\u00fchrung\u00ab geworden, so der  Staatschef vom Linksb\u00fcndnis \u00bbFrente Amplio\u00ab. Die M\u00e4nner sollen in  Uruguay wie normale B\u00fcrger behandelt werden und frei reisen d\u00fcrfen. Ihr  Schicksal erinnere ihn an seine eigenen 13 Jahre in politischer  Gefangenschaft, schrieb der fr\u00fchere Guerillak\u00e4mpfer. Zusammen mit Ra\u00fal  Sendic (gestorben 1989 in Paris) hatte er Mitte der 1960er Jahre die  linke Befreiungsbewegung \u00bbTupamaros\u00ab gegr\u00fcndet. F\u00fcr deren Bek\u00e4mpfung  entsandte die CIA sogenannte Sicherheitsberater nach Montevideo, was im  Film \u00bbDer unsichtbare Aufstand\u00ab thematisiert wird.<\/p>\n<p>Die brutalen Praktiken des US-Geheimdienstes heute sollen derweil  unter Verschluss bleiben. Obamas Regierung warnte davor, einen Bericht  \u00fcber geheime Foltermethoden in dieser Woche wie geplant zu  ver\u00f6ffentlichen. Dies k\u00f6nne neue Gewalt im Nahen Osten ausl\u00f6sen. Dabei  sollen ohnehin nur 500 von 6.300 Seiten des \u00bbTorture Report\u00ab zug\u00e4nglich  gemacht werden. (rg)<\/p><\/div>\n<\/div>\n<\/div>\n","protected":false},"excerpt":{"rendered":"<p>Gro\u00dfe Geste eines kleinen Landes: Uruguay hat sechs H\u00e4ftlinge aus dem US-Sondergefangenenlager Guant\u00e1namo auf Kuba aufgenommen.<\/p>\n","protected":false},"author":3,"featured_media":0,"comment_status":"open","ping_status":"open","sticky":false,"template":"","format":"standard","meta":{"footnotes":""},"categories":[1,15],"tags":[],"class_list":["post-3720","post","type-post","status-publish","format-standard","hentry","category-allgemein","category-lateinamerika"],"_links":{"self":[{"href":"https:\/\/www.friedensplattform.at\/index.php?rest_route=\/wp\/v2\/posts\/3720","targetHints":{"allow":["GET"]}}],"collection":[{"href":"https:\/\/www.friedensplattform.at\/index.php?rest_route=\/wp\/v2\/posts"}],"about":[{"href":"https:\/\/www.friedensplattform.at\/index.php?rest_route=\/wp\/v2\/types\/post"}],"author":[{"embeddable":true,"href":"https:\/\/www.friedensplattform.at\/index.php?rest_route=\/wp\/v2\/users\/3"}],"replies":[{"embeddable":true,"href":"https:\/\/www.friedensplattform.at\/index.php?rest_route=%2Fwp%2Fv2%2Fcomments&post=3720"}],"version-history":[{"count":0,"href":"https:\/\/www.friedensplattform.at\/index.php?rest_route=\/wp\/v2\/posts\/3720\/revisions"}],"wp:attachment":[{"href":"https:\/\/www.friedensplattform.at\/index.php?rest_route=%2Fwp%2Fv2%2Fmedia&parent=3720"}],"wp:term":[{"taxonomy":"category","embeddable":true,"href":"https:\/\/www.friedensplattform.at\/index.php?rest_route=%2Fwp%2Fv2%2Fcategories&post=3720"},{"taxonomy":"post_tag","embeddable":true,"href":"https:\/\/www.friedensplattform.at\/index.php?rest_route=%2Fwp%2Fv2%2Ftags&post=3720"}],"curies":[{"name":"wp","href":"https:\/\/api.w.org\/{rel}","templated":true}]}}