{"id":3737,"date":"2014-12-22T09:00:44","date_gmt":"2014-12-22T07:00:44","guid":{"rendered":"http:\/\/www.luxorbis.org\/friedensplattform.at\/?p=3737"},"modified":"2014-12-22T09:00:44","modified_gmt":"2014-12-22T07:00:44","slug":"ruf-nach-palaestina-anerkennung-in-spoe-lauter","status":"publish","type":"post","link":"https:\/\/www.friedensplattform.at\/?p=3737","title":{"rendered":"Ruf nach Pal&#228;stina-Anerkennung in SP&#214; lauter"},"content":{"rendered":"<div id=\"article\">\n<p id=\"subline\"><span> <\/span>Der  Ruf nach einer Anerkennung eines Pal\u00e4stinenserstaates in der SP\u00d6 wird  lauter: In einem Appell forderten Pensionistenverbandschef Karl Blecha  und der Wiener Landtagsabgeordnete Omar Al-Rawi die Regierung zu diesem  Schritt auf. Die Lage im Nahost-Konflikt sei verfahren und eine  Anerkennung durch EU-Staaten lasse auf eine &#8222;neue Dynamik&#8220; hoffen, so  das am Dienstag ver\u00f6ffentlichte Schreiben.<\/p>\n<p><!--more--><\/p>\n<div id=\"media\">\n<div><a title=\"Blecha hofft auf &quot;neue Dynamik\" href=\"http:\/\/cdn.salzburg.com\/nachrichten\/uploads\/pics\/2014-12\/orginal\/ruf-nach-palaestina-anerkennung-in-spoe-lauter-41-56000449.jpg\"><img loading=\"lazy\" decoding=\"async\" title=\"Ruf nach Pal\u00e4stina-Anerkennung in SP\u00d6 lauter\" src=\"http:\/\/cdn.salzburg.com\/nachrichten\/uploads\/pics\/2014-12\/ruf-nach-palaestina-anerkennung-in-spoe-lauter-41-56000449.jpg\" border=\"0\" alt=\"Ruf nach Pal\u00e4stina-Anerkennung in SP\u00d6 lauter\" width=\"568\" height=\"319\" \/><\/a><\/p>\n<div>\n<p style=\"float:left;padding-left:4px;\">Blecha hofft auf &#8222;neue Dynamik&#8220;.<\/p>\n<p style=\"float:right;padding-left:4px;margin-top:2px;text-transform: uppercase;\">Bild: SN\/APA (Archiv)\/HERBERT NEUBAUER<\/p>\n<\/div>\n<\/div>\n<\/div>\n<div><span>Der Appell  der Gesellschaft f\u00fcr \u00d6sterreichisch-Arabische Beziehungen wurde auch von  den Ex-Au\u00dfenministern Erwin Lanc von der SP\u00d6 und dem parteifreien, aber  als SP\u00d6-nahe geltenden Willibald Pahr sowie dem roten Bundesrat Stefan  Schennach unterzeichnet. Weitere Unterst\u00fctzer waren der fr\u00fchere  \u00d6VP-Nationalratspr\u00e4sident Heinrich Neisser und der ehemalige  FP\u00d6-Staatssekret\u00e4r Reinhart Waneck. Auch der fr\u00fchere sozialdemokratische  Fraktionschef im EU-Parlament, Hannes Swoboda, und die Wiener  SP\u00d6-Landtagsabgeordnete Muna Duzdar hatten sich zuletzt in einem offenen  Brief f\u00fcr die Anerkennung eines Pal\u00e4stinenserstaates ausgesprochen.<\/p>\n<p>Am  Dienstag diskutierte auch das EU-Parlament eine Resolution zur  Anerkennung Pal\u00e4stinas. Der SP\u00d6-Abgeordnete Eugen Freund erkl\u00e4rte, alle  europ\u00e4ischen Staaten h\u00e4tten Israel anerkannt, aber Pal\u00e4stina nicht.  &#8222;Wenn hier Einseitigkeit besteht, dann zum Vorteil Israels&#8220;, sagte  Freund. Eine Abstimmung wird am Mittwoch erwartet.<\/p>\n<div>\n<p>Sitelink<\/p>\n<h5><a rel=\"nofollow\" href=\"http:\/\/ad1.adfarm1.adition.com\/redi*lid=6095552882250875072\/sid=2873860\/kid=1163484\/bid=3768753\/c=17267\/keyword=\/sr=12\/clickurl=\" target=\"_blank\">2 Wochen kostenlos testen!<\/a><\/h5>\n<\/div>\n<p>Die \u00f6sterreichische Regierung erkennt die Pal\u00e4stinensergebiete  bisher nicht als Staat an. Au\u00dfenminister Sebastian Kurz von der \u00d6VP  erkl\u00e4rte zuletzt, eine Anerkennung sei nicht sinnvoll, da diese den  &#8222;Friedensprozess nicht f\u00f6rdert&#8220;. In mehreren europ\u00e4ischen Staaten wird  derzeit angesichts der zuletzt zum Erliegen gekommenen Verhandlungen  zwischen Israel und den Pal\u00e4stinensern \u00fcber eine Anerkennung Pal\u00e4stinas  gesprochen, um Druck zu neuen Gespr\u00e4chen zu machen. Zuletzt sprachen  sich die Parlamente in L\u00e4ndern wie Gro\u00dfbritannien, Frankreich und Irland  f\u00fcr eine Anerkennung aus.<\/p>\n<p><\/span><\/div>\n<\/div>\n<p id=\"subline\"><span><span>Von  Apa<\/span><\/span> | <span>16.12.2014 &#8211; 14:29<\/span> | <a>Kommentieren<\/a><\/p>\n<p>http:\/\/www.salzburg.com\/nachrichten\/oesterreich\/politik\/sn\/artikel\/ruf-nach-palaestina-anerkennung-in-spoe-lauter-131665\/<\/p>\n","protected":false},"excerpt":{"rendered":"<p>Der Ruf nach einer Anerkennung eines Pal\u00e4stinenserstaates in der SP\u00d6 wird lauter: In einem Appell forderten Pensionistenverbandschef Karl Blecha und der Wiener Landtagsabgeordnete Omar Al-Rawi die Regierung zu diesem Schritt auf. Die Lage im Nahost-Konflikt sei verfahren und eine Anerkennung durch EU-Staaten lasse auf eine &#8222;neue Dynamik&#8220; hoffen, so das am Dienstag ver\u00f6ffentlichte Schreiben.<\/p>\n","protected":false},"author":3,"featured_media":0,"comment_status":"open","ping_status":"open","sticky":false,"template":"","format":"standard","meta":{"footnotes":""},"categories":[18],"tags":[],"class_list":["post-3737","post","type-post","status-publish","format-standard","hentry","category-palaestina-solidaritaet"],"_links":{"self":[{"href":"https:\/\/www.friedensplattform.at\/index.php?rest_route=\/wp\/v2\/posts\/3737","targetHints":{"allow":["GET"]}}],"collection":[{"href":"https:\/\/www.friedensplattform.at\/index.php?rest_route=\/wp\/v2\/posts"}],"about":[{"href":"https:\/\/www.friedensplattform.at\/index.php?rest_route=\/wp\/v2\/types\/post"}],"author":[{"embeddable":true,"href":"https:\/\/www.friedensplattform.at\/index.php?rest_route=\/wp\/v2\/users\/3"}],"replies":[{"embeddable":true,"href":"https:\/\/www.friedensplattform.at\/index.php?rest_route=%2Fwp%2Fv2%2Fcomments&post=3737"}],"version-history":[{"count":0,"href":"https:\/\/www.friedensplattform.at\/index.php?rest_route=\/wp\/v2\/posts\/3737\/revisions"}],"wp:attachment":[{"href":"https:\/\/www.friedensplattform.at\/index.php?rest_route=%2Fwp%2Fv2%2Fmedia&parent=3737"}],"wp:term":[{"taxonomy":"category","embeddable":true,"href":"https:\/\/www.friedensplattform.at\/index.php?rest_route=%2Fwp%2Fv2%2Fcategories&post=3737"},{"taxonomy":"post_tag","embeddable":true,"href":"https:\/\/www.friedensplattform.at\/index.php?rest_route=%2Fwp%2Fv2%2Ftags&post=3737"}],"curies":[{"name":"wp","href":"https:\/\/api.w.org\/{rel}","templated":true}]}}