{"id":374,"date":"2008-10-12T18:14:47","date_gmt":"2008-10-12T16:14:47","guid":{"rendered":"http:\/\/www.luxorbis.org\/friedensplattform.at\/?p=374"},"modified":"2008-10-12T18:14:47","modified_gmt":"2008-10-12T16:14:47","slug":"ausstieg-aus-ilisu-offiziell-eingeleitet","status":"publish","type":"post","link":"https:\/\/www.friedensplattform.at\/?p=374","title":{"rendered":"Ausstieg aus Ilisu offiziell eingeleitet"},"content":{"rendered":"<p><em>Geschrieben von ECA Watch<br \/>\nMittwoch, 8. Oktober 2008<\/em><\/p>\n<p>Europ\u00e4er schicken &#8222;Blauen Brief&#8220; an T\u00fcrkei: Die Staatsgarantien f\u00fcr das umstrittene Staudammprodukt k\u00f6nnten zur\u00fcckgezogen werden.<\/p>\n<p>Berlin 8.10.2008 &#8211; Jetzt ist es offiziell: Deutschland, \u00d6sterreich und die Schweiz wollen aus dem Ilisu-Projekt in der T\u00fcrkei aussteigen. Laut Staatssekret\u00e4r Erich Stather vom deutschen &#8222;Bundesministerium f\u00fcr wirtschaftliche Zusammenarbeit und Entwicklung&#8220; haben die drei L\u00e4nder gestern die Ausstiegsklausel aktiviert. Damit hat die T\u00fcrkei ab jetzt nur noch 60 Tage Zeit, die an die das Ilisu-Projekt gekn\u00fcpften Auflagen zu erf\u00fcllen. Nach Ansicht von Nichtregierungsorganisationen ist kaum zu erwarten, dass die T\u00fcrkei in zwei Monaten das umsetzt, was sie zuvor zwei Jahre lang ignoriert hat.<\/p>\n<p><a title=\"Die andere Zeitung\" href=\"http:\/\/www.dieanderezeitung.at\/index.php?option=com_content&amp;task=view&amp;id=2521&amp;Itemid=80\" target=\"_blank\">Weiterlesen in der DAZ<\/a><\/p>\n","protected":false},"excerpt":{"rendered":"<p>Geschrieben von ECA Watch Mittwoch, 8. Oktober 2008 Europ\u00e4er schicken &#8222;Blauen Brief&#8220; an T\u00fcrkei: Die Staatsgarantien f\u00fcr das umstrittene Staudammprodukt k\u00f6nnten zur\u00fcckgezogen werden. Berlin 8.10.2008 &#8211; Jetzt ist es offiziell: Deutschland, \u00d6sterreich und die Schweiz wollen aus dem Ilisu-Projekt in der T\u00fcrkei aussteigen. Laut Staatssekret\u00e4r Erich Stather vom deutschen &#8222;Bundesministerium f\u00fcr wirtschaftliche Zusammenarbeit und Entwicklung&#8220; &hellip; <a href=\"https:\/\/www.friedensplattform.at\/?p=374\" class=\"more-link\"><span class=\"screen-reader-text\">Ausstieg aus Ilisu offiziell eingeleitet<\/span> weiterlesen <span class=\"meta-nav\">&rarr;<\/span><\/a><\/p>\n","protected":false},"author":1,"featured_media":0,"comment_status":"open","ping_status":"open","sticky":false,"template":"","format":"standard","meta":{"footnotes":""},"categories":[1],"tags":[],"class_list":["post-374","post","type-post","status-publish","format-standard","hentry","category-allgemein"],"_links":{"self":[{"href":"https:\/\/www.friedensplattform.at\/index.php?rest_route=\/wp\/v2\/posts\/374","targetHints":{"allow":["GET"]}}],"collection":[{"href":"https:\/\/www.friedensplattform.at\/index.php?rest_route=\/wp\/v2\/posts"}],"about":[{"href":"https:\/\/www.friedensplattform.at\/index.php?rest_route=\/wp\/v2\/types\/post"}],"author":[{"embeddable":true,"href":"https:\/\/www.friedensplattform.at\/index.php?rest_route=\/wp\/v2\/users\/1"}],"replies":[{"embeddable":true,"href":"https:\/\/www.friedensplattform.at\/index.php?rest_route=%2Fwp%2Fv2%2Fcomments&post=374"}],"version-history":[{"count":0,"href":"https:\/\/www.friedensplattform.at\/index.php?rest_route=\/wp\/v2\/posts\/374\/revisions"}],"wp:attachment":[{"href":"https:\/\/www.friedensplattform.at\/index.php?rest_route=%2Fwp%2Fv2%2Fmedia&parent=374"}],"wp:term":[{"taxonomy":"category","embeddable":true,"href":"https:\/\/www.friedensplattform.at\/index.php?rest_route=%2Fwp%2Fv2%2Fcategories&post=374"},{"taxonomy":"post_tag","embeddable":true,"href":"https:\/\/www.friedensplattform.at\/index.php?rest_route=%2Fwp%2Fv2%2Ftags&post=374"}],"curies":[{"name":"wp","href":"https:\/\/api.w.org\/{rel}","templated":true}]}}