{"id":3740,"date":"2014-12-22T09:16:48","date_gmt":"2014-12-22T07:16:48","guid":{"rendered":"http:\/\/www.luxorbis.org\/friedensplattform.at\/?p=3740"},"modified":"2014-12-22T09:16:48","modified_gmt":"2014-12-22T07:16:48","slug":"maersche-der-anti-islamisten-null-toleranz-fuer-pegida","status":"publish","type":"post","link":"https:\/\/www.friedensplattform.at\/?p=3740","title":{"rendered":"M&#228;rsche der Anti-Islamisten: Null Toleranz f&#252;r Pegida"},"content":{"rendered":"<div>\n<p><span><strong>Ausl\u00e4nderfeinde und  Anti-Islamisten wagen sich aus der Deckung. Das  ist ein Zeichen der  deutschen Krise. Es geht gar nicht um Zuwanderung &#8211;  sondern um Angst und  Armut in einem k\u00e4lter werdenden Land.<\/strong><\/span><span> <\/span> Eine Kolumne von <a rel=\"author\" href=\"http:\/\/www.spiegel.de\/impressum\/autor-13391.html\">Jakob Augstein<\/a><\/p>\n<p><!--more--><\/p>\n<div id=\"js-article-top-wide-asset\">\n<div style=\"width: 860px;\"><a href=\"http:\/\/www.spiegel.de\/politik\/deutschland\/bild-1009297-789922.html\"> <img loading=\"lazy\" decoding=\"async\" title=\"Pegida-Demo in Dresden (Archivbild): Das Ressentiment sucht sich seinen Weg allein\" src=\"http:\/\/cdn3.spiegel.de\/images\/image-789922-breitwandaufmacher-ylij.jpg\" alt=\"Pegida-Demo in Dresden (Archivbild): Das Ressentiment sucht sich seinen Weg allein\" width=\"860\" height=\"320\" align=\"middle\" \/><span> <img decoding=\"async\" title=\"Zur Gro\u00dfansicht\" src=\"http:\/\/www.spiegel.de\/static\/sys\/v10\/icons\/ic_lupe.png\" alt=\"Zur Gro\u00dfansicht\" \/> <\/span> <\/a><\/p>\n<div>\n<div>REUTERS<\/div>\n<p>Pegida-Demo in Dresden (Archivbild): Das Ressentiment sucht sich seinen Weg allein<\/p><\/div>\n<\/div>\n<\/div>\n<\/div>\n<p><a title=\"In Dresden waren es nun schon 15.000\" href=\"http:\/\/www.spiegel.de\/politik\/deutschland\/pegida-in-dresden-15000-demonstranten-5000-gegendemonstranten-a-1008645.html\">In Dresden waren es nun schon 15.000<\/a>!  Sie folgten am vergangenen Montag einem Aufruf der sogenannten  &#8222;Patriotischen Europ\u00e4er gegen die Islamisierung des Abendlandes&#8220;. Als  Pegida dr\u00fccken sie diesem Winter des deutschen Missvergn\u00fcgens ihren  Stempel auf.<\/p>\n<p>In ganz Deutschland w\u00e4chst der Protest. Medien und Politik reagieren: <a title=\"Sie wollen verstehen und erkl\u00e4ren\" href=\"http:\/\/www.spiegel.de\/politik\/deutschland\/pegida-in-deutschland-koalition-reagiert-hilflos-auf-maersche-a-1008698.html\">Sie wollen &#8222;verstehen&#8220; und &#8222;erkl\u00e4ren&#8220;<\/a>.  Das ist ein Fehler. Erstens ist Rassismus kein Problem der Erkenntnis,  sondern eines der Moral. Und zweitens geht es weder um die Zuwanderer  noch um den Islam. <a title=\"Es geht um den schwindenden Konsens\" href=\"http:\/\/www.spiegel.de\/netzwelt\/web\/sascha-lobo-ueber-pegida-der-latenznazi-a-1008971.html\">Es geht um den schwindenden Konsens<\/a> und die zunehmende soziale K\u00e4lte in einem ungerechten Land.<\/p>\n<p>Der fr\u00fchere Vizepr\u00e4sident des Deutschen Bundestags, <a title=\"Wolfgang Thierse\" href=\"http:\/\/www.spiegel.de\/thema\/wolfgang_thierse\/\">Wolfgang Thierse<\/a>, hat gesagt, die Politik m\u00fcsse besser erkl\u00e4ren, &#8222;warum wir Einwanderung brauchen&#8220;. <a title=\"Sigmar Gabriel\" href=\"http:\/\/www.spiegel.de\/thema\/sigmar_gabriel\/\">Sigmar Gabriel<\/a>,  Vizekanzler der Bundesrepublik Deutschland, sagt, die Politik m\u00fcsse  zugehen auf all jene, &#8222;die verunsichert sind und mitlaufen&#8220;. Thierse und  Gabriel sind aufrechte Demokraten. Aber sie irren. Die Politik sollte  den Teufel tun und die Debatte mit Idioten und Rassisten suchen. Denn  ein Idiot oder ein Rassist ist jeder, der an einer Demonstration gegen  die &#8222;Islamisierung des Abendlandes&#8220; teilnimmt.<\/p>\n<p><a title=\"Der Sachverhalt l\u00e4sst sich ja schnell kl\u00e4ren\" href=\"http:\/\/www.spiegel.de\/politik\/deutschland\/pegida-die-thesen-im-faktencheck-a-1008098.html\">Der Sachverhalt l\u00e4sst sich ja schnell kl\u00e4ren<\/a>.  Wie hoch ist der Anteil von Muslimen in Deutschland heute? F\u00fcnf  Prozent. Wie hoch wird er nach seri\u00f6sen Sch\u00e4tzungen im Jahr 2050 liegen?  Bei sieben Prozent. Die &#8222;Islamisierung&#8220; f\u00e4llt also aus. Hat sich Pegida  damit erledigt? Nein. Denn darum geht es in Wahrheit gar nicht.<\/p>\n<p><strong>&#8222;Im Inneren dieser Gesellschaft brodelt es&#8220;<\/strong><\/p>\n<p>Und es geht auch nicht um den Islamismus und seinen Terror. Den  Muslimen die Schuld am Anti-Islamismus in die Schuhe zu schieben, ist  ebenso perfide, wie die Juden f\u00fcr den Antisemitismus verantwortlich zu  machen. Die verfehlte Siedlungspolitik Israels hat mit dem  Antisemitismus ebenso wenig zu tun wie die Verbrechen des &#8222;Islamischen  Staates&#8220; mit dem Anti-Islamismus. Das Ressentiment sucht sich seinen Weg  allein. F\u00fcr ihren Hass auf Muslime brauchen deutsche Spie\u00dfer die  Abweichungen des Islam ebenso wenig wie die Antisemiten f\u00fcr ihren Hass  gegen die Juden irgendwelche Neuigkeiten aus Israel. Was Adorno das  &#8222;Ger\u00fccht \u00fcber die Juden&#8220; nannte, n\u00e4hrt sich selbst. Und so n\u00e4hrt sich  heute auch das &#8222;Ger\u00fccht \u00fcber die Muslime&#8220; selbst.<\/p>\n<p>Warum? Vor einigen Jahren schon hat der Philosoph <a title=\"Oskar Negt\" href=\"http:\/\/www.spiegel.de\/thema\/oskar_negt\/\">Oskar Negt<\/a> vor dem gewarnt, was wir jetzt sehen: &#8222;Im Inneren dieser Gesellschaft  brodelt es, mit Ausbr\u00fcchen ist zu rechnen, in der Abwendung vom System  entstehen <a href=\"http:\/\/www.spiegel.de\/spiegel\/print\/d-73107913.html\" target=\"_self\">politische Schwarzmarktfantasien<\/a>.&#8220;<\/p>\n<div>\n<div>Fotostrecke<\/div>\n<ul>\n<li> <a title=\"Fotostrecke zeigen...\" href=\"http:\/\/www.spiegel.de\/fotostrecke\/pegida-in-dresden-tausende-demonstranten-und-gegendemonstranten-fotostrecke-122127.html\"><img loading=\"lazy\" decoding=\"async\" src=\"http:\/\/cdn1.spiegel.de\/images\/image-789710-thumbbiga-sbta.jpg\" alt=\"\" width=\"160\" height=\"120\" \/><\/a><\/li>\n<li> <a title=\"Fotostrecke zeigen...\" href=\"http:\/\/www.spiegel.de\/fotostrecke\/pegida-in-dresden-tausende-demonstranten-und-gegendemonstranten-fotostrecke-122127.html\"><img loading=\"lazy\" decoding=\"async\" src=\"http:\/\/cdn2.spiegel.de\/images\/image-789705-thumbbiga-qjhj.jpg\" alt=\"\" width=\"160\" height=\"120\" \/><\/a><\/li>\n<li> <a title=\"Fotostrecke zeigen...\" href=\"http:\/\/www.spiegel.de\/fotostrecke\/pegida-in-dresden-tausende-demonstranten-und-gegendemonstranten-fotostrecke-122127.html\"><img loading=\"lazy\" decoding=\"async\" src=\"http:\/\/cdn1.spiegel.de\/images\/image-789718-thumbbiga-lwdp.jpg\" alt=\"\" width=\"160\" height=\"120\" \/><\/a><\/li>\n<\/ul>\n<div>13\u00a0 \t\t\t\tBilder<\/div>\n<p><a title=\"Fotostrecke zeigen...\" href=\"http:\/\/www.spiegel.de\/fotostrecke\/pegida-in-dresden-tausende-demonstranten-und-gegendemonstranten-fotostrecke-122127.html\"><span>Pegida-Aufmarsch:<\/span> <span>15.000 gegen den Islam<\/span> <\/a><\/div>\n<p>Thilo Sarrazin und seine d\u00fcsteren Gedanken waren die ersten Symptome  dieser Schwarzmarktfantasien. Es ist kein Zufall, dass Sarrazins  Aufstieg zum dunklen Stern einer Philosophie des Ressentiments mit der  globalen Finanzkrise zusammenfiel. Der Sieg des Finanzkapitalismus f\u00fchrt  zur Krise der parlamentarischen Demokratie: Beides zusammen l\u00e4sst sich  eben nicht haben. Das statistische Bundesamt hat gerade mitgeteilt, dass  im Jahr 2013 jeder f\u00fcnfte Einwohner Deutschlands von Armut oder  sozialer Ausgrenzung betroffen war. Das sind 16,2 Millionen Menschen.<\/p>\n<p>Viel zu viele in der Politik haben im Kampf gegen diesen Kapitalismus  schon kapituliert. Und viel zu viele in den Medien mit ihr. Der  Leitartikel der &#8222;Zeit&#8220; ist daf\u00fcr ein trauriges Beispiel.<\/p>\n<p>Da hei\u00dft es: <em>&#8222;Eine unkontrollierte Einwanderung ist nie nur ein Gewinn.  Es gibt unter Migranten mehr Arbeitslose als im Durchschnitt der  Bev\u00f6lkerung und unter Ausl\u00e4ndern mehr jugendliche Kriminelle, was oft  soziale Ursachen hat. Die Terrorgefahr auf der ganzen Welt ist eine  islamistische. Nur bringt es viele Menschen zur Raserei, wenn die  Politik auf diese Probleme mit Verharmlosung und Sprechverboten  reagiert.&#8220;<\/em><\/p>\n<p>Es die alte Methode, das Vorurteil zu sch\u00fcren, ohne sich die H\u00e4nde  schmutzig zu machen. Die Sprache entlarvt den Gedanken: Gibt es denn  eine &#8222;unkontrollierte Einwanderung&#8220;? Nein. Nat\u00fcrlich nicht. Das  Gegenteil ist der Fall. Gibt es eine &#8222;Verharmlosung&#8220;? Wiederum nein.  Selbst ein vollkommen unsinniges Anliegen wie die Furcht vor  &#8222;Islamisierung&#8220; findet im gn\u00e4digen deutschen Diskurs seinen Raum. Und  der Begriff vom &#8222;Sprechverbot&#8220; geh\u00f6rt ohnehin zum reaktion\u00e4ren  Repertoire. Es gibt in Deutschland keine Sprechverbote. Und wer ihre  Existenz behauptet, betreibt damit bereits Politik.<\/p>\n<p>Anstatt die Schwachen zu ermuntern, sich als Objekte ihres Zorns noch  Schw\u00e4chere zu suchen, sollten wir die Ursachen f\u00fcr die zunehmende  soziale K\u00e4lte dort suchen, wo sie liegen &#8211; in einem zunehmend  ungerechten Wirtschaftssystem.<\/p>\n<p>http:\/\/www.spiegel.de\/politik\/deutschland\/jakob-augstein-ueber-pegida-eine-folge-von-angst-und-armut-a-1009297.html<\/p>\n","protected":false},"excerpt":{"rendered":"<p>Ausl\u00e4nderfeinde und Anti-Islamisten wagen sich aus der Deckung. Das ist ein Zeichen der deutschen Krise. Es geht gar nicht um Zuwanderung &#8211; sondern um Angst und Armut in einem k\u00e4lter werdenden Land. Eine Kolumne von Jakob Augstein<\/p>\n","protected":false},"author":3,"featured_media":0,"comment_status":"open","ping_status":"open","sticky":false,"template":"","format":"standard","meta":{"footnotes":""},"categories":[4,17],"tags":[],"class_list":["post-3740","post","type-post","status-publish","format-standard","hentry","category-antirassismus","category-meinung"],"_links":{"self":[{"href":"https:\/\/www.friedensplattform.at\/index.php?rest_route=\/wp\/v2\/posts\/3740","targetHints":{"allow":["GET"]}}],"collection":[{"href":"https:\/\/www.friedensplattform.at\/index.php?rest_route=\/wp\/v2\/posts"}],"about":[{"href":"https:\/\/www.friedensplattform.at\/index.php?rest_route=\/wp\/v2\/types\/post"}],"author":[{"embeddable":true,"href":"https:\/\/www.friedensplattform.at\/index.php?rest_route=\/wp\/v2\/users\/3"}],"replies":[{"embeddable":true,"href":"https:\/\/www.friedensplattform.at\/index.php?rest_route=%2Fwp%2Fv2%2Fcomments&post=3740"}],"version-history":[{"count":0,"href":"https:\/\/www.friedensplattform.at\/index.php?rest_route=\/wp\/v2\/posts\/3740\/revisions"}],"wp:attachment":[{"href":"https:\/\/www.friedensplattform.at\/index.php?rest_route=%2Fwp%2Fv2%2Fmedia&parent=3740"}],"wp:term":[{"taxonomy":"category","embeddable":true,"href":"https:\/\/www.friedensplattform.at\/index.php?rest_route=%2Fwp%2Fv2%2Fcategories&post=3740"},{"taxonomy":"post_tag","embeddable":true,"href":"https:\/\/www.friedensplattform.at\/index.php?rest_route=%2Fwp%2Fv2%2Ftags&post=3740"}],"curies":[{"name":"wp","href":"https:\/\/api.w.org\/{rel}","templated":true}]}}