{"id":3743,"date":"2014-12-22T09:27:44","date_gmt":"2014-12-22T07:27:44","guid":{"rendered":"http:\/\/www.luxorbis.org\/friedensplattform.at\/?p=3743"},"modified":"2014-12-22T09:27:44","modified_gmt":"2014-12-22T07:27:44","slug":"freund-zu-palaestina-zweistaaten-loesung-einzige-alternative","status":"publish","type":"post","link":"https:\/\/www.friedensplattform.at\/?p=3743","title":{"rendered":"Freund zu Pal&#228;stina: Zweistaaten-L&#246;sung einzige Alternative"},"content":{"rendered":"<div>\n<div>\n<div>\n<p>SP\u00d6-Europaabgeordneter: &#8222;Friede im Nahen Osten ist dringender denn je&#8220;<\/p>\n<p><!--more--><\/div>\n<div><a href=\"http:\/\/www.ots.at\/\">APA-OTS<\/a><\/div>\n<\/div>\n<\/div>\n<div><a title=\"zur Website http:\/\/spoe.parlament.gv.at\" href=\"http:\/\/spoe.parlament.gv.at\" target=\"_blank\"><img decoding=\"async\" src=\"http:\/\/pm.ots.at\/logo\/logo?id=19\" alt=\"Logo von SP\u00d6-Parlamentsklub\" \/><\/a><\/div>\n<h1><\/h1>\n<p><span><em>Wien (OTS\/SK)<\/em> &#8211;<\/span> Bei der heutigen Abstimmung im EU-Parlament in Stra\u00dfburg zur  Anerkennung der pal\u00e4stinensischen Eigenstaatlichkeit, sprach sich  SP\u00d6-Europaabgeordneter <a href=\"http:\/\/www.ots.at\/p\/eugen-freund\">Eugen Freund<\/a>,  Mitglied im Ausschuss f\u00fcr ausw\u00e4rtige Angelegenheiten, gemeinsam mit der  SP\u00d6-EU-Delegation f\u00fcr die Resolution aus. &#8222;Wir haben daf\u00fcr gestimmt,  weil der Friede in dieser Region dringlicher denn je ist. Die  Zweistaaten-L\u00f6sung ist die einzige Alternative zum derzeitigen,  unertr\u00e4glichen Zustand&#8220;, so Freund. ****<\/p>\n<p>Wesentliches  Motiv f\u00fcr die Entscheidung war auch, f\u00fcr die Sicherheit Israels  einzutreten. Freund: &#8222;In der Resolution ist nichts enthalten, was nicht  schon lange Thema aller Friedensverhandlungen war. Die Resolution  spricht ausdr\u00fccklich von einer Anerkennung Pal\u00e4stinas &#8218;im Prinzip&#8216;, die  Hand in Hand mit den Friedensbem\u00fchungen gehen muss. Klar ist auch, dass  sich Europa st\u00e4rker in diese Friedensbem\u00fchungen einbringen muss und wir  uns nicht st\u00e4ndig heraushalten k\u00f6nnen. Terror und Blutvergie\u00dfen haben  sich in dieser Region jahrzehntelang aufgeschaukelt, w\u00e4hrend Europa nur  zugesehen hat&#8220;, argumentiert Freund. Der heutige Entschlie\u00dfungsantrag  des EU-Parlaments enth\u00e4lt unter anderem einen Aufruf an die  EU-Mitgliedstaaten, Pal\u00e4stina als Staat anzuerkennen. (Schluss) bj\/mp<\/p>\n<p>R\u00fcckfragehinweis: Mag. Markus Wolschlager, Pressesprecher der SP\u00d6-Europaabgeordneten, Tel.: +32 (484) 127 331, E-Mail:<br \/>\n<a rel=\"nofollow\" href=\"http:\/\/www.ots.at\/email\/markus.wolschlager\/europarl.europa.eu\" target=\"_blank\">markus.wolschlager@europarl.europa.eu<\/a><\/p>\n","protected":false},"excerpt":{"rendered":"<p>SP\u00d6-Europaabgeordneter: &#8222;Friede im Nahen Osten ist dringender denn je&#8220;<\/p>\n","protected":false},"author":3,"featured_media":0,"comment_status":"open","ping_status":"open","sticky":false,"template":"","format":"standard","meta":{"footnotes":""},"categories":[18],"tags":[],"class_list":["post-3743","post","type-post","status-publish","format-standard","hentry","category-palaestina-solidaritaet"],"_links":{"self":[{"href":"https:\/\/www.friedensplattform.at\/index.php?rest_route=\/wp\/v2\/posts\/3743","targetHints":{"allow":["GET"]}}],"collection":[{"href":"https:\/\/www.friedensplattform.at\/index.php?rest_route=\/wp\/v2\/posts"}],"about":[{"href":"https:\/\/www.friedensplattform.at\/index.php?rest_route=\/wp\/v2\/types\/post"}],"author":[{"embeddable":true,"href":"https:\/\/www.friedensplattform.at\/index.php?rest_route=\/wp\/v2\/users\/3"}],"replies":[{"embeddable":true,"href":"https:\/\/www.friedensplattform.at\/index.php?rest_route=%2Fwp%2Fv2%2Fcomments&post=3743"}],"version-history":[{"count":0,"href":"https:\/\/www.friedensplattform.at\/index.php?rest_route=\/wp\/v2\/posts\/3743\/revisions"}],"wp:attachment":[{"href":"https:\/\/www.friedensplattform.at\/index.php?rest_route=%2Fwp%2Fv2%2Fmedia&parent=3743"}],"wp:term":[{"taxonomy":"category","embeddable":true,"href":"https:\/\/www.friedensplattform.at\/index.php?rest_route=%2Fwp%2Fv2%2Fcategories&post=3743"},{"taxonomy":"post_tag","embeddable":true,"href":"https:\/\/www.friedensplattform.at\/index.php?rest_route=%2Fwp%2Fv2%2Ftags&post=3743"}],"curies":[{"name":"wp","href":"https:\/\/api.w.org\/{rel}","templated":true}]}}